{"id":2500,"date":"2024-05-01T15:47:46","date_gmt":"2024-05-01T12:47:46","guid":{"rendered":"https:\/\/narimanovbelediyyesi.az\/site3\/?p=2500"},"modified":"2024-05-01T15:47:46","modified_gmt":"2024-05-01T12:47:46","slug":"n%c9%99rimanov-b%c9%99l%c9%99diyy%c9%99sinin-s%c9%99dri-t%c9%99mraz-tagiyevin-sahil-b%c9%99l%c9%99diyy%c9%99sinin-s%c9%99dri-elmira-eliyeva-il%c9%99-gorusu-bas-tutub","status":"publish","type":"post","link":"https:\/\/narimanovbelediyyesi.az\/site3\/2024\/05\/01\/n%c9%99rimanov-b%c9%99l%c9%99diyy%c9%99sinin-s%c9%99dri-t%c9%99mraz-tagiyevin-sahil-b%c9%99l%c9%99diyy%c9%99sinin-s%c9%99dri-elmira-eliyeva-il%c9%99-gorusu-bas-tutub\/","title":{"rendered":"N\u0259rimanov B\u0259l\u0259diyy\u0259sinin s\u0259dri T\u0259mraz Ta\u011f\u0131yevin Sahil B\u0259l\u0259diyy\u0259sinin s\u0259dri Elmira  \u018fliyeva il\u0259 g\u00f6r\u00fc\u015f\u00fc ba\u015f tutub."},"content":{"rendered":"<div class=\"xdj266r x11i5rnm xat24cr x1mh8g0r x1vvkbs x126k92a\">\n<div dir=\"auto\">T\u0259mraz Ta\u011f\u0131yev: \u201c\u018ftraf m\u00fchitin m\u00fchafiz\u0259sind\u0259 N\u0259rimanov B\u0259l\u0259diyy\u0259sinin \u0259ld\u0259 etdiyi t\u0259cr\u00fcb\u0259ni h\u0259r zaman payla\u015fma\u011fa haz\u0131r\u0131q\u201d<\/div>\n<\/div>\n<div class=\"x11i5rnm xat24cr x1mh8g0r x1vvkbs xtlvy1s x126k92a\">\n<div dir=\"auto\">N\u0259rimanov b\u0259l\u0259diyy\u0259sinin inzibati binas\u0131nda s\u0259dr T\u0259mraz Ta\u011f\u0131yevin Sahil B\u0259l\u0259diyy\u0259sinin s\u0259dri Elmira \u018fliyeva il\u0259 g\u00f6r\u00fc\u015f\u00fc ba\u015f tutub.<\/div>\n<\/div>\n<div class=\"x11i5rnm xat24cr x1mh8g0r x1vvkbs xtlvy1s x126k92a\">\n<div dir=\"auto\">G\u00f6r\u00fc\u015fd\u0259 \u201cYa\u015f\u0131l d\u00fcnya namin\u0259 h\u0259mr\u0259yliyi ili\u201d \u00e7\u0259\u00e7iv\u0259sind\u0259 g\u00f6r\u00fcl\u0259c\u0259k i\u015fl\u0259rd\u0259n, habel\u0259 h\u0259yata ke\u00e7iril\u0259c\u0259k layih\u0259l\u0259r \u0259traf\u0131nda fikir m\u00fcbadil\u0259si apar\u0131l\u0131b.<\/div>\n<\/div>\n<div class=\"x11i5rnm xat24cr x1mh8g0r x1vvkbs xtlvy1s x126k92a\">\n<div dir=\"auto\">G\u00f6r\u00fc\u015fd\u0259 T\u0259mraz Ta\u011f\u0131yev \u018fdliyy\u0259 Nazirliyinin B\u0259l\u0259diyy\u0259l\u0259rl\u0259 \u0130\u015f m\u0259rk\u0259zind\u0259 ke\u00e7iril\u0259n g\u00f6r\u00fc\u015f\u0259 toxunaraq m\u00fc\u015favir\u0259d\u0259 s\u0259sl\u0259n\u0259n t\u0259klif v\u0259 t\u00f6vsiy\u0259l\u0259ri \u0259ld\u0259 r\u0259hb\u0259r tutaraq layih\u0259l\u0259rin r\u0259ngar\u0259ngliyin\u0259 diqq\u0259t ayr\u0131ld\u0131\u011f\u0131n\u0131 x\u00fcsusil\u0259 vur\u011fulayaraq b\u0259l\u0259diyy\u0259 \u00fczv v\u0259 qulluq\u00e7ular\u0131n\u0131n i\u015ftirak\u0131 il\u0259 geni\u015f a\u011fac\u0259km\u0259 aksiyalar\u0131n\u0131n v\u0259 dig\u0259r ekoloji t\u0259dbirl\u0259rin t\u0259\u015fkil olunmas\u0131n\u0131n \u0259h\u0259miyy\u0259tin\u0259 toxunub.<\/div>\n<\/div>\n<div class=\"x11i5rnm xat24cr x1mh8g0r x1vvkbs xtlvy1s x126k92a\">\n<div dir=\"auto\">T\u0259mraz Ta\u011f\u0131yev vur\u011fulay\u0131b ki, \u0259traf m\u00fchitin m\u00fchafiz\u0259si, ekoloji v\u0259ziyy\u0259tin yax\u015f\u0131la\u015fd\u0131rl\u0131mas\u0131 v\u0259 t\u0259bii s\u0259rv\u0259tl\u0259rd\u0259n s\u0259m\u0259r\u0259li istifad\u0259 daim d\u00f6vl\u0259tin diqq\u0259t m\u0259rk\u0259zind\u0259dir. Lakin b\u0259l\u0259diyy\u0259l\u0259rd\u0259 bununla ba\u011fl\u0131 \u00f6z d\u0259st\u0259yini g\u00f6st\u0259rm\u0259li v\u0259 icra olunan layih\u0259l\u0259rd\u0259n k\u0259narda qalmamal\u0131d\u0131r.<\/div>\n<\/div>\n<div class=\"x11i5rnm xat24cr x1mh8g0r x1vvkbs xtlvy1s x126k92a\">\n<div dir=\"auto\">Heyd\u0259r \u018fliyev Fondunun vitse-prezidenti \u0130DEA ictimai birliyinin t\u0259sis\u00e7isi v\u0259 s\u0259dri Leyla \u018fliyevan\u0131n t\u0259\u015f\u0259bb\u00fcs\u00fc il\u0259 paytaxtda a\u011faclar\u0131n qeydiyyata al\u0131nmas\u0131na v\u0259 n\u00f6mr\u0259l\u0259nm\u0259sin\u0259 ba\u015flan\u0131l\u0131b.<\/div>\n<\/div>\n<div class=\"x11i5rnm xat24cr x1mh8g0r x1vvkbs xtlvy1s x126k92a\">\n<div dir=\"auto\">N\u0259rimanov rayonunda b\u0259l\u0259diyy\u0259nin i\u015ftirak\u0131yla Ataturk park\u0131nda h\u0259yata ke\u00e7iril\u0259n layih\u0259 \u00e7\u0259r\u00e7iv\u0259sind\u0259 ilk qeydiyyat l\u00f6vh\u0259si Heyd\u0259r \u018fliyev Fondunun vitse-prezidenti, \u0130DEA ictimai birliyinin t\u0259sis\u00e7isi v\u0259 s\u0259dri Leyla \u018fliyevan\u0131n i\u015ftirak\u0131yla vurulub.<\/div>\n<\/div>\n<div class=\"x11i5rnm xat24cr x1mh8g0r x1vvkbs xtlvy1s x126k92a\">\n<div dir=\"auto\">N\u0259rimanov B\u0259l\u0259diyy\u0259sinin k\u00f6n\u00fcll\u00fcl\u0259rinin i\u015ftirak\u0131yla x\u00fcsusi olaraq \u201cG\u201d kodlu etiketli n\u00f6mr\u0259l\u0259nm\u0259 sistemi rayon \u0259razisnd\u0259 b\u00fct\u00fcn a\u011faclara vurulmas\u0131 davam etdirilir.<\/div>\n<\/div>\n<div class=\"x11i5rnm xat24cr x1mh8g0r x1vvkbs xtlvy1s x126k92a\">\n<div dir=\"auto\">Sahil B\u0259l\u0259diyy\u0259sinin s\u0259dri Elmira \u018fliyeva g\u00f6r\u00fc\u015fd\u0259 ir\u0259li s\u00fcr\u00fcl\u0259n t\u0259klif v\u0259 t\u00f6vsiy\u0259l\u0259rin h\u0259r birin\u0259 diqq\u0259tl\u0259 yana\u015f\u0131laca\u011f\u0131n\u0131, bu sah\u0259d\u0259 b\u0259l\u0259diyy\u0259nin t\u0259cr\u00fcb\u0259sind\u0259n g\u0259l\u0259c\u0259k f\u0259aliyy\u0259td\u0259 istifad\u0259 edil\u0259c\u0259yini bildirib. S\u0259dr Elmira \u018fliyeva bildirib ki, art\u0131q b\u0259l\u0259diyy\u0259nin ekoloji m\u0259s\u0259l\u0259l\u0259r komissiyas\u0131nda t\u0259dbirl\u0259r proqram\u0131 haz\u0131rlanaraq b\u0259l\u0259diyy\u0259 iclas\u0131nda m\u00fczakir\u0259y\u0259 t\u0259qdim edilib. H\u0259r bir t\u0259klif, habel\u0259 N\u0259rimanov B\u0259l\u0259diyy\u0259sinin t\u0259cr\u00fcb\u0259sind\u0259n istifad\u0259 yaralanacaqlar\u0131n\u0131 dil\u0259 g\u0259tirib. Xan\u0131m s\u0259dr bu t\u0259\u015f\u0259bb\u00fcs\u0259 rayonun dig\u0259r b\u0259l\u0259diyy\u0259l\u0259rind\u0259 qo\u015fulaca\u011f\u0131n\u0131 bildirib.<\/div>\n<\/div>\n<div class=\"x11i5rnm xat24cr x1mh8g0r x1vvkbs xtlvy1s x126k92a\">\n<div dir=\"auto\">T\u0259mraz Ta\u011f\u0131yev g\u00f6r\u00fc\u015f\u00fcn sonunda \u0259traf m\u00fchitin m\u00fchafiz\u0259sind\u0259 b\u0259l\u0259diyy\u0259nin \u0259ld\u0259 etdiyi t\u0259cr\u00fcb\u0259nin h\u0259r zaman payla\u015fma\u011fa haz\u0131r olduqlar\u0131n\u0131 qeyd edib.<\/div>\n<\/div>\n<div class=\"x11i5rnm xat24cr x1mh8g0r x1vvkbs xtlvy1s x126k92a\">\n<div dir=\"auto\">H\u0259r iki s\u0259dr bu c\u00fcr g\u00f6r\u00fc\u015fl\u0259rin \u201cYa\u015f\u0131l d\u00fcnya namin\u0259 h\u0259mr\u0259yliyi ili\u201dnd\u0259 davam etdirilm\u0259sini m\u0259qs\u0259d\u0259m\u00fcvafiq hesab edib.<\/div>\n<\/div>\n","protected":false},"excerpt":{"rendered":"<p>T\u0259mraz Ta\u011f\u0131yev: \u201c\u018ftraf m\u00fchitin m\u00fchafiz\u0259sind\u0259 N\u0259rimanov B\u0259l\u0259diyy\u0259sinin \u0259ld\u0259 etdiyi t\u0259cr\u00fcb\u0259ni h\u0259r zaman payla\u015fma\u011fa haz\u0131r\u0131q\u201d N\u0259rimanov b\u0259l\u0259diyy\u0259sinin inzibati binas\u0131nda s\u0259dr T\u0259mraz Ta\u011f\u0131yevin Sahil B\u0259l\u0259diyy\u0259sinin s\u0259dri Elmira \u018fliyeva il\u0259 g\u00f6r\u00fc\u015f\u00fc ba\u015f tutub. G\u00f6r\u00fc\u015fd\u0259 \u201cYa\u015f\u0131l d\u00fcnya namin\u0259 h\u0259mr\u0259yliyi ili\u201d \u00e7\u0259\u00e7iv\u0259sind\u0259 g\u00f6r\u00fcl\u0259c\u0259k i\u015fl\u0259rd\u0259n, habel\u0259 h\u0259yata ke\u00e7iril\u0259c\u0259k layih\u0259l\u0259r \u0259traf\u0131nda fikir m\u00fcbadil\u0259si apar\u0131l\u0131b. G\u00f6r\u00fc\u015fd\u0259 T\u0259mraz Ta\u011f\u0131yev \u018fdliyy\u0259 Nazirliyinin B\u0259l\u0259diyy\u0259l\u0259rl\u0259 \u0130\u015f m\u0259rk\u0259zind\u0259 ke\u00e7iril\u0259n g\u00f6r\u00fc\u015f\u0259 toxunaraq m\u00fc\u015favir\u0259d\u0259 s\u0259sl\u0259n\u0259n t\u0259klif v\u0259 [&hellip;]<\/p>\n","protected":false},"author":2,"featured_media":2503,"comment_status":"closed","ping_status":"open","sticky":false,"template":"","format":"standard","meta":[],"categories":[2],"tags":[],"_links":{"self":[{"href":"https:\/\/narimanovbelediyyesi.az\/site3\/wp-json\/wp\/v2\/posts\/2500"}],"collection":[{"href":"https:\/\/narimanovbelediyyesi.az\/site3\/wp-json\/wp\/v2\/posts"}],"about":[{"href":"https:\/\/narimanovbelediyyesi.az\/site3\/wp-json\/wp\/v2\/types\/post"}],"author":[{"embeddable":true,"href":"https:\/\/narimanovbelediyyesi.az\/site3\/wp-json\/wp\/v2\/users\/2"}],"replies":[{"embeddable":true,"href":"https:\/\/narimanovbelediyyesi.az\/site3\/wp-json\/wp\/v2\/comments?post=2500"}],"version-history":[{"count":1,"href":"https:\/\/narimanovbelediyyesi.az\/site3\/wp-json\/wp\/v2\/posts\/2500\/revisions"}],"predecessor-version":[{"id":2505,"href":"https:\/\/narimanovbelediyyesi.az\/site3\/wp-json\/wp\/v2\/posts\/2500\/revisions\/2505"}],"wp:featuredmedia":[{"embeddable":true,"href":"https:\/\/narimanovbelediyyesi.az\/site3\/wp-json\/wp\/v2\/media\/2503"}],"wp:attachment":[{"href":"https:\/\/narimanovbelediyyesi.az\/site3\/wp-json\/wp\/v2\/media?parent=2500"}],"wp:term":[{"taxonomy":"category","embeddable":true,"href":"https:\/\/narimanovbelediyyesi.az\/site3\/wp-json\/wp\/v2\/categories?post=2500"},{"taxonomy":"post_tag","embeddable":true,"href":"https:\/\/narimanovbelediyyesi.az\/site3\/wp-json\/wp\/v2\/tags?post=2500"}],"curies":[{"name":"wp","href":"https:\/\/api.w.org\/{rel}","templated":true}]}}