{"id":2442,"date":"2024-05-01T15:12:28","date_gmt":"2024-05-01T12:12:28","guid":{"rendered":"https:\/\/narimanovbelediyyesi.az\/site3\/?p=2442"},"modified":"2024-05-01T15:13:57","modified_gmt":"2024-05-01T12:13:57","slug":"m%c9%99n-ikili-standartlarla-uzl%c9%99s%c9%99n-dig%c9%99r-olk%c9%99l%c9%99ri-d%c9%99-az%c9%99rbaycandan-numun%c9%99-goturm%c9%99y%c9%99-cagiriram-t%c9%99mraz-tagiyev","status":"publish","type":"post","link":"https:\/\/narimanovbelediyyesi.az\/site3\/2024\/05\/01\/m%c9%99n-ikili-standartlarla-uzl%c9%99s%c9%99n-dig%c9%99r-olk%c9%99l%c9%99ri-d%c9%99-az%c9%99rbaycandan-numun%c9%99-goturm%c9%99y%c9%99-cagiriram-t%c9%99mraz-tagiyev\/","title":{"rendered":"\u201cM\u0259n ikili standartlarla \u00fczl\u0259\u015f\u0259n dig\u0259r \u00f6lk\u0259l\u0259ri d\u0259 Az\u0259rbaycandan n\u00fcmun\u0259 g\u00f6t\u00fcrm\u0259y\u0259 \u00e7a\u011f\u0131r\u0131ram\u201d &#8211; T\u0259mraz Ta\u011f\u0131yev &#8211; Video"},"content":{"rendered":"<div style=\"width: 360px;\" class=\"wp-video\"><!--[if lt IE 9]><script>document.createElement('video');<\/script><![endif]-->\n<video class=\"wp-video-shortcode\" id=\"video-2442-1\" width=\"360\" height=\"360\" preload=\"metadata\" controls=\"controls\"><source type=\"video\/mp4\" src=\"https:\/\/narimanovbelediyyesi.az\/wp-content\/uploads\/2024\/05\/423489485_248547898196008_3755524911515392664_n-1.mp4?_=1\" \/><a href=\"https:\/\/narimanovbelediyyesi.az\/wp-content\/uploads\/2024\/05\/423489485_248547898196008_3755524911515392664_n-1.mp4\">https:\/\/narimanovbelediyyesi.az\/wp-content\/uploads\/2024\/05\/423489485_248547898196008_3755524911515392664_n-1.mp4<\/a><\/video><\/div>\n<div class=\"xdj266r x11i5rnm xat24cr x1mh8g0r x1vvkbs x126k92a\">\n<div dir=\"auto\">\u201cBir ne\u00e7\u0259 g\u00fcn bundan \u00f6nc\u0259 Avropa \u015euras\u0131 Parlament Assambleyas\u0131nda (A\u015ePA) \u00f6lk\u0259miz\u0259 qar\u015f\u0131 at\u0131lan tamamil\u0259 q\u0259r\u0259zli v\u0259 q\u0259bul edilm\u0259y\u0259n add\u0131m\u0131 q\u0259tiyy\u0259tl\u0259 pisl\u0259yir\u0259m\u201d.<\/div>\n<\/div>\n<div class=\"x11i5rnm xat24cr x1mh8g0r x1vvkbs xtlvy1s x126k92a\">\n<div dir=\"auto\">\u201cQafqazinfo\u201d x\u0259b\u0259r verir ki, bu fikirl\u0259ri Q\u0259rbi Az\u0259rbaycan \u0130cmas\u0131n\u0131n N\u0259rimanov Rayon T\u0259\u015fkilat\u0131n\u0131n s\u0259dri T\u0259mraz Ta\u011f\u0131yev bildirib.<\/div>\n<\/div>\n<div class=\"x11i5rnm xat24cr x1mh8g0r x1vvkbs xtlvy1s x126k92a\">\n<div dir=\"auto\">T\u0259mraz Ta\u011f\u0131yev daha sonra bunlar\u0131 \u0259lav\u0259 edib: \u201cA\u015ePA-da \u0259n aktiv n\u00fcmay\u0259nd\u0259 hey\u0259tl\u0259rind\u0259n biri olan \u00f6lk\u0259mizin t\u0259msil\u00e7il\u0259rin\u0259 qar\u015f\u0131 q\u0259r\u0259zin k\u00f6k\u00fcnd\u0259, a\u00e7\u0131q dem\u0259liyik ki, \u00f6lk\u0259mizin \u00f6z \u0259razi b\u00fct\u00f6vl\u00fcy\u00fcn\u00fc v\u0259 suverenliyini b\u0259rpa etm\u0259si dayan\u0131r. Az\u0259rbaycan Prezidenti c\u0259nab \u0130lham \u018fliyevin komandanl\u0131\u011f\u0131, m\u00fcz\u0259ff\u0259r ordumuzun \u0259sg\u0259r v\u0259 zabitl\u0259rinin \u015f\u00fcca\u0259ti v\u0259 \u0259n \u0259sas\u0131 Az\u0259rbaycan xalq\u0131n\u0131n d\u0259st\u0259yi il\u0259 \u00f6lk\u0259mizin b\u00fct\u00fcn \u0259razisind\u0259 \u00f6z suverenliyini b\u0259rpa etm\u0259si, maraql\u0131d\u0131r, A\u015ePA \u00fczvl\u0259rini niy\u0259 narahat edib. Bel\u0259likl\u0259, Az\u0259rbaycan A\u015ePA-dan ayr\u0131ld\u0131. Bundan sonra Avropa \u00f6lk\u0259l\u0259ri Bak\u0131 il\u0259 t\u0259zyiq v\u0259 \u015fantaj dili il\u0259 dan\u0131\u015fmaqdan m\u0259hrum oldu. Erm\u0259nistan Az\u0259rbaycana qar\u015f\u0131 n\u00f6vb\u0259ti beyn\u0259lxalq platformas\u0131n\u0131 itirmi\u015f oldu. 20 il\u0259 yax\u0131n bir m\u00fcdd\u0259td\u0259 Az\u0259rbaycan\u0131 m\u0259cburi k\u00f6\u00e7k\u00fcnl\u0259rin v\u0259 Erm\u0259nistandan did\u0259rgin sal\u0131nm\u0131\u015f minl\u0259rl\u0259 az\u0259rbaycanl\u0131n\u0131n h\u00fcquqlar\u0131n\u0131 m\u00fcdafi\u0259 ed\u0259 bilm\u0259y\u0259n A\u015ePA \u0259n az\u0131 bir il Qaraba\u011fdan olan erm\u0259ni k\u00f6\u00e7k\u00fcnl\u0259rinin i\u015fl\u0259rin\u0259 qar\u0131\u015fa bilm\u0259y\u0259c\u0259kdir\u201d.<\/div>\n<\/div>\n<div class=\"x11i5rnm xat24cr x1mh8g0r x1vvkbs xtlvy1s x126k92a\">\n<div dir=\"auto\">T\u0259mraz Ta\u011f\u0131yev a\u00e7\u0131qlamas\u0131nda maraql\u0131 bir m\u0259qama da toxunub: \u201c\u00d6t\u0259n il Avropa \u015euras\u0131n\u0131n Yerli v\u0259 Regional Hakimiyy\u0259tl\u0259r Konqresinin 45-ci Sessiyas\u0131nda \u00e7\u0131x\u0131\u015f\u0131m\u0131n sonunda demi\u015fdim ki, \u201cm\u0259n v\u0259t\u0259nim \u0130r\u0259vana, Z\u0259ng\u0259zura, G\u00f6y\u00e7\u0259y\u0259 qay\u0131tmaq ist\u0259yir\u0259m\u201d. H\u0259min vaxt m\u0259nim bu fikrim erm\u0259ni t\u0259msil\u00e7il\u0259ri t\u0259r\u0259find\u0259n birm\u0259nal\u0131 qar\u015f\u0131lanmad\u0131. V\u0259t\u0259nimin Hamaml\u0131 b\u00f6lg\u0259si olmas\u0131n\u0131, bu rayonda do\u011fulub boya &#8211; ba\u015fa \u00e7atd\u0131\u011f\u0131m\u0131 v\u0259 m\u0259hz erm\u0259ni separat\u00e7\u0131lar\u0131n\u0131n etnik t\u0259mizl\u0259m\u0259 siyas\u0259ti n\u0259tic\u0259sind\u0259 300 minlik az\u0259rbaycanl\u0131n\u0131n \u00f6z do\u011fma yurd-yuvas\u0131ndan erm\u0259ni separat\u00e7\u0131 q\u00fcvv\u0259l\u0259ri t\u0259r\u0259find\u0259n qovulduqlar\u0131n\u0131 sessiya i\u015ftirak\u00e7\u0131lar\u0131n\u0131n diqq\u0259tin\u0259 \u00e7atd\u0131rd\u0131m. Bir daha xat\u0131rlad\u0131ram ki, biz daim erm\u0259ni t\u0259r\u0259finin he\u00e7 bir m\u0259ntiq\u0259 s\u0131\u011fmayan m\u0259nas\u0131z h\u0259r\u0259k\u0259tl\u0259rin\u0259 cavab verm\u0259y\u0259 haz\u0131r olmal\u0131y\u0131q. Sonda is\u0259 m\u0259n Avropa Parlamentinin ikili standartlar\u0131 il\u0259 \u00fczl\u0259\u015f\u0259n dig\u0259r \u00f6lk\u0259l\u0259ri d\u0259 Az\u0259rbaycandan n\u00fcmun\u0259 g\u00f6t\u00fcrm\u0259y\u0259 \u00e7a\u011f\u0131r\u0131ram\u201d<\/div>\n<\/div>\n","protected":false},"excerpt":{"rendered":"<p>\u201cBir ne\u00e7\u0259 g\u00fcn bundan \u00f6nc\u0259 Avropa \u015euras\u0131 Parlament Assambleyas\u0131nda (A\u015ePA) \u00f6lk\u0259miz\u0259 qar\u015f\u0131 at\u0131lan tamamil\u0259 q\u0259r\u0259zli v\u0259 q\u0259bul edilm\u0259y\u0259n add\u0131m\u0131 q\u0259tiyy\u0259tl\u0259 pisl\u0259yir\u0259m\u201d. \u201cQafqazinfo\u201d x\u0259b\u0259r verir ki, bu fikirl\u0259ri Q\u0259rbi Az\u0259rbaycan \u0130cmas\u0131n\u0131n N\u0259rimanov Rayon T\u0259\u015fkilat\u0131n\u0131n s\u0259dri T\u0259mraz Ta\u011f\u0131yev bildirib. T\u0259mraz Ta\u011f\u0131yev daha sonra bunlar\u0131 \u0259lav\u0259 edib: \u201cA\u015ePA-da \u0259n aktiv n\u00fcmay\u0259nd\u0259 hey\u0259tl\u0259rind\u0259n biri olan \u00f6lk\u0259mizin t\u0259msil\u00e7il\u0259rin\u0259 qar\u015f\u0131 q\u0259r\u0259zin k\u00f6k\u00fcnd\u0259, a\u00e7\u0131q dem\u0259liyik ki, \u00f6lk\u0259mizin \u00f6z \u0259razi [&hellip;]<\/p>\n","protected":false},"author":2,"featured_media":0,"comment_status":"closed","ping_status":"open","sticky":false,"template":"","format":"standard","meta":[],"categories":[2],"tags":[],"_links":{"self":[{"href":"https:\/\/narimanovbelediyyesi.az\/site3\/wp-json\/wp\/v2\/posts\/2442"}],"collection":[{"href":"https:\/\/narimanovbelediyyesi.az\/site3\/wp-json\/wp\/v2\/posts"}],"about":[{"href":"https:\/\/narimanovbelediyyesi.az\/site3\/wp-json\/wp\/v2\/types\/post"}],"author":[{"embeddable":true,"href":"https:\/\/narimanovbelediyyesi.az\/site3\/wp-json\/wp\/v2\/users\/2"}],"replies":[{"embeddable":true,"href":"https:\/\/narimanovbelediyyesi.az\/site3\/wp-json\/wp\/v2\/comments?post=2442"}],"version-history":[{"count":3,"href":"https:\/\/narimanovbelediyyesi.az\/site3\/wp-json\/wp\/v2\/posts\/2442\/revisions"}],"predecessor-version":[{"id":2449,"href":"https:\/\/narimanovbelediyyesi.az\/site3\/wp-json\/wp\/v2\/posts\/2442\/revisions\/2449"}],"wp:attachment":[{"href":"https:\/\/narimanovbelediyyesi.az\/site3\/wp-json\/wp\/v2\/media?parent=2442"}],"wp:term":[{"taxonomy":"category","embeddable":true,"href":"https:\/\/narimanovbelediyyesi.az\/site3\/wp-json\/wp\/v2\/categories?post=2442"},{"taxonomy":"post_tag","embeddable":true,"href":"https:\/\/narimanovbelediyyesi.az\/site3\/wp-json\/wp\/v2\/tags?post=2442"}],"curies":[{"name":"wp","href":"https:\/\/api.w.org\/{rel}","templated":true}]}}