{"id":2330,"date":"2023-10-11T12:07:58","date_gmt":"2023-10-11T09:07:58","guid":{"rendered":"https:\/\/narimanovbelediyyesi.az\/site3\/?p=2330"},"modified":"2023-10-11T12:07:58","modified_gmt":"2023-10-11T09:07:58","slug":"az%c9%99rbaycan-numay%c9%99nd%c9%99l%c9%99ri-batumid%c9%99-corleap-da-istirak-edir","status":"publish","type":"post","link":"https:\/\/narimanovbelediyyesi.az\/site3\/2023\/10\/11\/az%c9%99rbaycan-numay%c9%99nd%c9%99l%c9%99ri-batumid%c9%99-corleap-da-istirak-edir\/","title":{"rendered":"Az\u0259rbaycan n\u00fcmay\u0259nd\u0259l\u0259ri Batumid\u0259 CORLEAP-da i\u015ftirak edir"},"content":{"rendered":"<div class=\"x11i5rnm xat24cr x1mh8g0r x1vvkbs xtlvy1s x126k92a\">\n<div dir=\"auto\">Avropa \u0130ttifaq\u0131n\u0131n \u015e\u0259rq T\u0259r\u0259fda\u015fl\u0131\u011f\u0131 \u00fczr\u0259 Regional v\u0259 Yerli Hakimiyy\u0259tl\u0259r Konfrans\u0131n\u0131n (CORLEAP) \u00fczvl\u0259ri: Nax\u00e7\u0131van Muxtar Respublikas\u0131 Ali M\u0259clisi s\u0259drinin m\u00fcavini Anar \u0130brahimov, N\u0259rimanov B\u0259l\u0259diyy\u0259sinin s\u0259dri, Az\u0259rbaycan \u015e\u0259h\u0259r B\u0259l\u0259diyy\u0259l\u0259ri Milli Assosiasiyas\u0131n\u0131n s\u0259dri T\u0259mraz Ta\u011f\u0131yev v\u0259 n\u00fcmay\u0259nd\u0259 hey\u0259tinin katibi R\u00f6v\u015f\u0259n M\u0259mm\u0259dov Konfrans\u0131n 7 sentyabr tarixli 12-ci illik y\u0131\u011f\u0131nca\u011f\u0131nda i\u015ftirak etm\u0259k \u00fc\u00e7\u00fcn G\u00fcrc\u00fcstan\u0131n Batumi \u015f\u0259h\u0259rind\u0259 s\u0259f\u0259rd\u0259 olublar.<\/div>\n<\/div>\n<div class=\"x11i5rnm xat24cr x1mh8g0r x1vvkbs xtlvy1s x126k92a\">\n<div dir=\"auto\">\u201cQafqazinfo\u201d x\u0259b\u0259r verir ki, ilk olaraq CORLEAP-\u0131n b\u00fcrosunda Az\u0259rbaycandan t\u0259msil olunan Anar \u0130brahimovun i\u015ftirak\u0131 il\u0259 b\u00fcro iclas\u0131 ba\u015f tutub v\u0259 daha sonra CORLEAP-\u0131n 12-ci illik y\u0131\u011f\u0131nca\u011f\u0131 i\u015fin\u0259 ba\u015flay\u0131b.<\/div>\n<\/div>\n<div class=\"x11i5rnm xat24cr x1mh8g0r x1vvkbs xtlvy1s x126k92a\">\n<div dir=\"auto\">Konfrans\u0131n a\u00e7\u0131l\u0131\u015f\u0131nda G\u00fcrc\u00fcstan\u0131n Acar\u0131stan Muxtar Respublikas\u0131 H\u00f6kum\u0259tinin s\u0259dri Tornike Rijvadze, G\u00fcrc\u00fcstan\u0131n regional inki\u015faf v\u0259 infrastruktur nazirinin m\u00fcavini Mzio Giorgobiani v\u0259 Batumi \u015f\u0259h\u0259rinin meri Ar\u00e7il \u00c7ikovani \u00e7\u0131x\u0131\u015f ed\u0259r\u0259k qonaqlar\u0131 salamlay\u0131blar.<\/div>\n<\/div>\n<div class=\"x11i5rnm xat24cr x1mh8g0r x1vvkbs xtlvy1s x126k92a\">\n<div dir=\"auto\">CORLEAP-\u0131n g\u00fcnd\u0259liyind\u0259 duran ilkin m\u0259s\u0259l\u0259 \u201cYeni geosiyasi reall\u0131qda \u2018\u015e\u0259rq T\u0259r\u0259fda\u015fl\u0131\u011f\u0131\u2019 m\u00f6vzusunda \u015f\u0259h\u0259rl\u0259rin v\u0259 b\u00f6lg\u0259l\u0259rin s\u0259si\u201d m\u00fczakir\u0259 edilib. M\u00fczakir\u0259d\u0259 bir s\u0131ra siyas\u0259t\u00e7il\u0259r v\u0259 ekspertl\u0259r, o c\u00fcml\u0259d\u0259n Avropa \u015euras\u0131 Konqresinin Regionlar Palatas\u0131n\u0131n s\u0259dri Harald Sonderegger \u00e7\u0131x\u0131\u015f edib.<\/div>\n<\/div>\n<div class=\"x11i5rnm xat24cr x1mh8g0r x1vvkbs xtlvy1s x126k92a\">\n<div dir=\"auto\">Daha sonra \u201c\u015e\u0259rq T\u0259r\u0259fda\u015fl\u0131\u011f\u0131 \u00f6lk\u0259l\u0259rind\u0259 yerli hakimiyy\u0259t orqanlar\u0131n\u0131n v\u0259t\u0259nda\u015flarla dialoqu\u201d adl\u0131 debat\u0131 v\u0259 &#8220;T\u0259r\u0259fda\u015flar\u0131m\u0131zla n\u0259 ed\u0259 bil\u0259rik&#8221; m\u00f6vzusunda CORLEAP hesabat\u0131 ba\u015f tutub. Sonda &#8220;Yerli s\u0259viyy\u0259d\u0259 v\u0259t\u0259nda\u015flar \u00fc\u00e7\u00fcn elektron xidm\u0259tl\u0259r: COVID 19 pandemiyas\u0131 n\u0259 yax\u015f\u0131 n\u0259tic\u0259 verdi?&#8221; m\u00f6vzusunda CORLEAP hesabat\u0131 dinl\u0259nilib. Hesabatda Az\u0259rbaycan \u0259halisinin m\u00fctl\u0259q \u0259ks\u0259riyy\u0259tinin internet\u0259 v\u0259 elektron xidm\u0259tl\u0259r\u0259 \u00e7\u0131x\u0131\u015f imkanlar\u0131 m\u00fcsb\u0259t t\u0259cr\u00fcb\u0259 kimi qeyd olunub.<\/div>\n<\/div>\n<div class=\"x11i5rnm xat24cr x1mh8g0r x1vvkbs xtlvy1s x126k92a\">\n<div dir=\"auto\">2011-ci ild\u0259 Pol\u015fan\u0131n Poznan \u015f\u0259h\u0259rind\u0259 t\u0259sis edil\u0259n \u015e\u0259rq T\u0259r\u0259fda\u015fl\u0131\u011f\u0131 \u00fczr\u0259 Regional v\u0259 Yerli Hakimiyy\u0259tl\u0259r Konfrans\u0131 (CORLEAP) Avropa Birliyi-\u015e\u0259rq t\u0259r\u0259fda\u015fl\u0131\u011f\u0131n\u0131n yerli v\u0259 regional hakimiyy\u0259t orqanlar\u0131n\u0131n platformas\u0131 kimi f\u0259aliyy\u0259t g\u00f6st\u0259rir.<\/div>\n<div dir=\"auto\">\n<style type=\"text\/css\">\n\t#foogallery-gallery-2329 .fg-image {\n        width: 640px;\n    }\n<\/style>\n\t\t\t\t<div class=\"foogallery foogallery-container foogallery-image-viewer foogallery-link-image foogallery-lightbox-foogallery fg-center fg-image-viewer fg-light fg-border-thin fg-shadow-outline fg-loading-default fg-loaded-fade-in fg-caption-hover fg-hover-fade fg-hover-zoom fg-ready\" id=\"foogallery-gallery-2329\" data-foogallery=\"{&quot;item&quot;:{&quot;showCaptionTitle&quot;:true,&quot;showCaptionDescription&quot;:true},&quot;lazy&quot;:true,&quot;template&quot;:{&quot;loop&quot;:true}}\" >\n\t<div class=\"fiv-inner\">\n\t\t<div class=\"fiv-inner-container\">\n\t\t\t<div class=\"fg-item fg-type-image fg-idle\"><figure class=\"fg-item-inner\"><a href=\"https:\/\/cdn.shortpixel.ai\/client\/q_lossy,ret_wait\/https:\/\/narimanovbelediyyesi.az\/wp-content\/uploads\/2023\/10\/376487916_675558811354777_667067201188754118_n.jpg\" data-attachment-id=\"2331\" data-spai-upd=\"1\" class=\"fg-thumb\"><span class=\"fg-image-wrap\"><img width=\"640\" height=\"360\" class=\"skip-lazy fg-image\" data-src-fg=\"https:\/\/cdn.shortpixel.ai\/client\/w_640,h_360,q_lossy,ret_wait\/https:\/\/narimanovbelediyyesi.az\/wp-content\/uploads\/2023\/10\/376487916_675558811354777_667067201188754118_n.jpg\" src=\"data:image\/svg+xml,%3Csvg%20xmlns%3D%22http%3A%2F%2Fwww.w3.org%2F2000%2Fsvg%22%20width%3D%22640%22%20height%3D%22360%22%20viewBox%3D%220%200%20640%20360%22%3E%3C%2Fsvg%3E\"><\/span><span class=\"fg-image-overlay\"><\/span><\/a><figcaption class=\"fg-caption\"><div class=\"fg-caption-inner\"><\/div><\/figcaption><\/figure><div class=\"fg-loader\"><\/div><\/div>\t\t<\/div>\n\t\t<div class=\"fiv-ctrls\">\n\t\t\t<div class=\"fiv-prev\"><span>Geriy\u0259<\/span><\/div>\n\t\t\t<label class=\"fiv-count\"><span class=\"fiv-count-current\">1<\/span>of<span class=\"fiv-count-total\">1<\/span><\/label>\n\t\t\t<div class=\"fiv-next\"><span>\u0130r\u0259li<\/span><\/div>\n\t\t<\/div>\n\t<\/div>\n<\/div>\n<\/div>\n<\/div>\n","protected":false},"excerpt":{"rendered":"<p>Avropa \u0130ttifaq\u0131n\u0131n \u015e\u0259rq T\u0259r\u0259fda\u015fl\u0131\u011f\u0131 \u00fczr\u0259 Regional v\u0259 Yerli Hakimiyy\u0259tl\u0259r Konfrans\u0131n\u0131n (CORLEAP) \u00fczvl\u0259ri: Nax\u00e7\u0131van Muxtar Respublikas\u0131 Ali M\u0259clisi s\u0259drinin m\u00fcavini Anar \u0130brahimov, N\u0259rimanov B\u0259l\u0259diyy\u0259sinin s\u0259dri, Az\u0259rbaycan \u015e\u0259h\u0259r B\u0259l\u0259diyy\u0259l\u0259ri Milli Assosiasiyas\u0131n\u0131n s\u0259dri T\u0259mraz Ta\u011f\u0131yev v\u0259 n\u00fcmay\u0259nd\u0259 hey\u0259tinin katibi R\u00f6v\u015f\u0259n M\u0259mm\u0259dov Konfrans\u0131n 7 sentyabr tarixli 12-ci illik y\u0131\u011f\u0131nca\u011f\u0131nda i\u015ftirak etm\u0259k \u00fc\u00e7\u00fcn G\u00fcrc\u00fcstan\u0131n Batumi \u015f\u0259h\u0259rind\u0259 s\u0259f\u0259rd\u0259 olublar. \u201cQafqazinfo\u201d x\u0259b\u0259r verir ki, ilk olaraq CORLEAP-\u0131n b\u00fcrosunda Az\u0259rbaycandan [&hellip;]<\/p>\n","protected":false},"author":2,"featured_media":2331,"comment_status":"closed","ping_status":"open","sticky":false,"template":"","format":"standard","meta":[],"categories":[2],"tags":[],"_links":{"self":[{"href":"https:\/\/narimanovbelediyyesi.az\/site3\/wp-json\/wp\/v2\/posts\/2330"}],"collection":[{"href":"https:\/\/narimanovbelediyyesi.az\/site3\/wp-json\/wp\/v2\/posts"}],"about":[{"href":"https:\/\/narimanovbelediyyesi.az\/site3\/wp-json\/wp\/v2\/types\/post"}],"author":[{"embeddable":true,"href":"https:\/\/narimanovbelediyyesi.az\/site3\/wp-json\/wp\/v2\/users\/2"}],"replies":[{"embeddable":true,"href":"https:\/\/narimanovbelediyyesi.az\/site3\/wp-json\/wp\/v2\/comments?post=2330"}],"version-history":[{"count":1,"href":"https:\/\/narimanovbelediyyesi.az\/site3\/wp-json\/wp\/v2\/posts\/2330\/revisions"}],"predecessor-version":[{"id":2332,"href":"https:\/\/narimanovbelediyyesi.az\/site3\/wp-json\/wp\/v2\/posts\/2330\/revisions\/2332"}],"wp:featuredmedia":[{"embeddable":true,"href":"https:\/\/narimanovbelediyyesi.az\/site3\/wp-json\/wp\/v2\/media\/2331"}],"wp:attachment":[{"href":"https:\/\/narimanovbelediyyesi.az\/site3\/wp-json\/wp\/v2\/media?parent=2330"}],"wp:term":[{"taxonomy":"category","embeddable":true,"href":"https:\/\/narimanovbelediyyesi.az\/site3\/wp-json\/wp\/v2\/categories?post=2330"},{"taxonomy":"post_tag","embeddable":true,"href":"https:\/\/narimanovbelediyyesi.az\/site3\/wp-json\/wp\/v2\/tags?post=2330"}],"curies":[{"name":"wp","href":"https:\/\/api.w.org\/{rel}","templated":true}]}}