{"id":2216,"date":"2023-03-28T09:40:00","date_gmt":"2023-03-28T06:40:00","guid":{"rendered":"https:\/\/narimanovbelediyyesi.az\/site3\/?p=2216"},"modified":"2023-03-28T09:40:00","modified_gmt":"2023-03-28T06:40:00","slug":"az%c9%99rbaycan-numay%c9%99nd%c9%99-hey%c9%99ti-avropa-surasi-konqresinin-sessiyasinda-istirak-ed%c9%99c%c9%99k","status":"publish","type":"post","link":"https:\/\/narimanovbelediyyesi.az\/site3\/2023\/03\/28\/az%c9%99rbaycan-numay%c9%99nd%c9%99-hey%c9%99ti-avropa-surasi-konqresinin-sessiyasinda-istirak-ed%c9%99c%c9%99k\/","title":{"rendered":"Az\u0259rbaycan n\u00fcmay\u0259nd\u0259 hey\u0259ti Avropa \u015euras\u0131 Konqresinin sessiyas\u0131nda i\u015ftirak ed\u0259c\u0259k"},"content":{"rendered":"<div dir=\"auto\">Avropa \u015euras\u0131 Yerli v\u0259 Regional Hakimiyy\u0259tl\u0259r Konqresinin Strasburq \u015f\u0259h\u0259rind\u0259 ke\u00e7iril\u0259c\u0259k 44-c\u00fc sessiyas\u0131n\u0131n i\u015find\u0259 Az\u0259rbaycan n\u00fcmay\u0259nd\u0259 hey\u0259ti Nax\u00e7\u0131van Muxtar Respublikas\u0131 Ali M\u0259clisinin \u00fczv\u00fc Anar \u0130brahimovun r\u0259hb\u0259rliyi il\u0259 i\u015ftirak ed\u0259c\u0259k.<\/div>\n<div dir=\"auto\">Avropa \u015euras\u0131n\u0131n Yerli v\u0259 Regional Hakimiyy\u0259tl\u0259r Konqresinin Ba\u015f katibi Matye Morinin r\u0259smi m\u0259ktubu il\u0259 Konqresd\u0259ki Az\u0259rbaycan n\u00fcmay\u0259nd\u0259 hey\u0259ti qurumun 44-c\u00fc sessiyas\u0131nda i\u015ftirak \u00fc\u00e7\u00fcn d\u0259v\u0259t olunub.<\/div>\n<div dir=\"auto\">Sessiya mart\u0131n 21 v\u0259 23-d\u0259 Strasburq \u015f\u0259h\u0259rind\u0259 ke\u00e7iril\u0259c\u0259k. \u018flav\u0259 olaraq, Avropa \u015euras\u0131 Konqresind\u0259 Az\u0259rbaycan n\u00fcmay\u0259nd\u0259 hey\u0259tinin \u00fczvl\u0259rinin bu g\u00fcn \u00fczv olduqlar\u0131 siyasi partiya qruplar\u0131n\u0131n iclaslar\u0131nda i\u015ftirak\u0131 n\u0259z\u0259rd\u0259 tutulub.<\/div>\n<div dir=\"auto\">Konqresin 44-c\u00fc sessiyas\u0131nda Avropa \u015euras\u0131n\u0131n Ba\u015f katibi Mariya Pey\u00e7innovi\u00e7 Buri\u00e7 v\u0259 Avropa \u015euras\u0131 Parlament Assambleyas\u0131n\u0131n Prezidenti Tini Koksun \u00e7\u0131x\u0131\u015flar\u0131 n\u0259z\u0259rd\u0259 tutulur. Sessiya zaman\u0131 bir s\u0131ra Avropa \u015euras\u0131 \u00f6lk\u0259l\u0259rind\u0259 Avropa Yerli \u00f6z\u00fcn\u00fcidar\u0259etm\u0259 Xartiyas\u0131n\u0131n t\u0259tbiqinin v\u0259 se\u00e7ki n\u0259tic\u0259l\u0259rinin monitorinqinin m\u00fczakir\u0259si d\u0259 planla\u015fd\u0131r\u0131l\u0131r.<\/div>\n<div dir=\"auto\">\n<style type=\"text\/css\">\n\t#foogallery-gallery-2217 .fg-image {\n        width: 640px;\n    }\n<\/style>\n\t\t\t\t<div class=\"foogallery foogallery-container foogallery-image-viewer foogallery-link-image foogallery-lightbox-foobox fg-center fg-image-viewer fg-light fg-border-thin fg-shadow-outline fg-loading-default fg-loaded-fade-in fg-caption-hover fg-hover-fade fg-hover-zoom fg-ready\" id=\"foogallery-gallery-2217\" data-foogallery=\"{&quot;item&quot;:{&quot;showCaptionTitle&quot;:true,&quot;showCaptionDescription&quot;:true},&quot;lazy&quot;:true,&quot;template&quot;:{&quot;loop&quot;:true}}\" >\n\t<div class=\"fiv-inner\">\n\t\t<div class=\"fiv-inner-container\">\n\t\t\t<div class=\"fg-item fg-type-image fg-idle\"><figure class=\"fg-item-inner\"><a href=\"https:\/\/cdn.shortpixel.ai\/client\/q_lossy,ret_wait\/https:\/\/narimanovbelediyyesi.az\/wp-content\/uploads\/2023\/03\/336699563_743798057420789_3893666672449657220_n.jpg\" data-attachment-id=\"2218\" data-spai-upd=\"1\" class=\"fg-thumb\"><span class=\"fg-image-wrap\"><img width=\"640\" height=\"360\" class=\"skip-lazy fg-image\" data-src-fg=\"https:\/\/narimanovbelediyyesi.az\/wp-content\/uploads\/2023\/03\/336699563_743798057420789_3893666672449657220_n.jpg\" src=\"data:image\/svg+xml,%3Csvg%20xmlns%3D%22http%3A%2F%2Fwww.w3.org%2F2000%2Fsvg%22%20width%3D%22640%22%20height%3D%22360%22%20viewBox%3D%220%200%20640%20360%22%3E%3C%2Fsvg%3E\"><\/span><span class=\"fg-image-overlay\"><\/span><\/a><figcaption class=\"fg-caption\"><div class=\"fg-caption-inner\"><\/div><\/figcaption><\/figure><div class=\"fg-loader\"><\/div><\/div>\t\t<\/div>\n\t\t<div class=\"fiv-ctrls\">\n\t\t\t<div class=\"fiv-prev\"><span>Geriy\u0259<\/span><\/div>\n\t\t\t<label class=\"fiv-count\"><span class=\"fiv-count-current\">1<\/span>of<span class=\"fiv-count-total\">1<\/span><\/label>\n\t\t\t<div class=\"fiv-next\"><span>\u0130r\u0259li<\/span><\/div>\n\t\t<\/div>\n\t<\/div>\n<\/div>\n<\/div>\n","protected":false},"excerpt":{"rendered":"<p>Avropa \u015euras\u0131 Yerli v\u0259 Regional Hakimiyy\u0259tl\u0259r Konqresinin Strasburq \u015f\u0259h\u0259rind\u0259 ke\u00e7iril\u0259c\u0259k 44-c\u00fc sessiyas\u0131n\u0131n i\u015find\u0259 Az\u0259rbaycan n\u00fcmay\u0259nd\u0259 hey\u0259ti Nax\u00e7\u0131van Muxtar Respublikas\u0131 Ali M\u0259clisinin \u00fczv\u00fc Anar \u0130brahimovun r\u0259hb\u0259rliyi il\u0259 i\u015ftirak ed\u0259c\u0259k. Avropa \u015euras\u0131n\u0131n Yerli v\u0259 Regional Hakimiyy\u0259tl\u0259r Konqresinin Ba\u015f katibi Matye Morinin r\u0259smi m\u0259ktubu il\u0259 Konqresd\u0259ki Az\u0259rbaycan n\u00fcmay\u0259nd\u0259 hey\u0259ti qurumun 44-c\u00fc sessiyas\u0131nda i\u015ftirak \u00fc\u00e7\u00fcn d\u0259v\u0259t olunub. Sessiya mart\u0131n 21 v\u0259 23-d\u0259 Strasburq \u015f\u0259h\u0259rind\u0259 ke\u00e7iril\u0259c\u0259k. \u018flav\u0259 [&hellip;]<\/p>\n","protected":false},"author":2,"featured_media":2218,"comment_status":"closed","ping_status":"open","sticky":false,"template":"","format":"standard","meta":[],"categories":[2],"tags":[],"_links":{"self":[{"href":"https:\/\/narimanovbelediyyesi.az\/site3\/wp-json\/wp\/v2\/posts\/2216"}],"collection":[{"href":"https:\/\/narimanovbelediyyesi.az\/site3\/wp-json\/wp\/v2\/posts"}],"about":[{"href":"https:\/\/narimanovbelediyyesi.az\/site3\/wp-json\/wp\/v2\/types\/post"}],"author":[{"embeddable":true,"href":"https:\/\/narimanovbelediyyesi.az\/site3\/wp-json\/wp\/v2\/users\/2"}],"replies":[{"embeddable":true,"href":"https:\/\/narimanovbelediyyesi.az\/site3\/wp-json\/wp\/v2\/comments?post=2216"}],"version-history":[{"count":1,"href":"https:\/\/narimanovbelediyyesi.az\/site3\/wp-json\/wp\/v2\/posts\/2216\/revisions"}],"predecessor-version":[{"id":2219,"href":"https:\/\/narimanovbelediyyesi.az\/site3\/wp-json\/wp\/v2\/posts\/2216\/revisions\/2219"}],"wp:featuredmedia":[{"embeddable":true,"href":"https:\/\/narimanovbelediyyesi.az\/site3\/wp-json\/wp\/v2\/media\/2218"}],"wp:attachment":[{"href":"https:\/\/narimanovbelediyyesi.az\/site3\/wp-json\/wp\/v2\/media?parent=2216"}],"wp:term":[{"taxonomy":"category","embeddable":true,"href":"https:\/\/narimanovbelediyyesi.az\/site3\/wp-json\/wp\/v2\/categories?post=2216"},{"taxonomy":"post_tag","embeddable":true,"href":"https:\/\/narimanovbelediyyesi.az\/site3\/wp-json\/wp\/v2\/tags?post=2216"}],"curies":[{"name":"wp","href":"https:\/\/api.w.org\/{rel}","templated":true}]}}