{"id":2185,"date":"2023-02-23T13:39:38","date_gmt":"2023-02-23T10:39:38","guid":{"rendered":"https:\/\/narimanovbelediyyesi.az\/site3\/?p=2185"},"modified":"2023-02-23T13:39:56","modified_gmt":"2023-02-23T10:39:56","slug":"t%c9%99mraz-tagiyev-bes-n%c9%99f%c9%99r-s%c9%99hid-ail%c9%99sinin-uzvunu-b%c9%99l%c9%99diyy%c9%99d%c9%99-isl%c9%99-t%c9%99min-etmisik","status":"publish","type":"post","link":"https:\/\/narimanovbelediyyesi.az\/site3\/2023\/02\/23\/t%c9%99mraz-tagiyev-bes-n%c9%99f%c9%99r-s%c9%99hid-ail%c9%99sinin-uzvunu-b%c9%99l%c9%99diyy%c9%99d%c9%99-isl%c9%99-t%c9%99min-etmisik\/","title":{"rendered":"T\u0259mraz Ta\u011f\u0131yev: \u201cBe\u015f n\u0259f\u0259r \u015f\u0259hid ail\u0259sinin \u00fczv\u00fcn\u00fc b\u0259l\u0259diyy\u0259d\u0259 i\u015fl\u0259 t\u0259min etmi\u015fik\u201d"},"content":{"rendered":"<p><strong>V\u0259t\u0259n m\u00fcharib\u0259si \u015f\u0259hidi Kamran H\u00fcseynovun h\u0259yat yolda\u015f\u0131 S\u0259nub\u0259r H\u00fcseynova N\u0259rimanov b\u0259l\u0259diyy\u0259sind\u0259 i\u015fl\u0259 t\u0259min edil\u0259r\u0259k, sosial inki\u015faf v\u0259 xidm\u0259t \u015f\u00f6b\u0259sin\u0259 m\u00fct\u0259x\u0259ssis v\u0259zif\u0259sin\u0259 t\u0259yin edilib. Nax\u00e7\u0131van M\u00fc\u0259lliml\u0259r \u0130nstitutunun m\u0259zunu olmu\u015f S.H\u00fcseynova bu g\u00fcn kollektiv\u0259 t\u0259qdim edilib.<\/strong><br \/>\n<strong>G\u00f6r\u00fc\u015fd\u0259 Az\u0259rbaycan \u015e\u0259h\u0259r B\u0259l\u0259diyy\u0259l\u0259ri Milli Assosiasiyas\u0131n\u0131n v\u0259 N\u0259rimanov B\u0259l\u0259diyy\u0259sinin s\u0259dri T\u0259mraz Ta\u011f\u0131yev \u00e7\u0131x\u0131\u015f ed\u0259r\u0259k S\u0259nub\u0259r H\u00fcseynovan\u0131n h\u0259yat yolda\u015f\u0131 Kamran H\u00fcseynovun k\u00f6n\u00fcll\u00fc olaraq nizami ordu s\u0131ralar\u0131na qo\u015fuldu\u011funu, habel\u0259 V\u0259t\u0259n m\u00fcharib\u0259sind\u0259 F\u00fczuli u\u011frunda ged\u0259n d\u00f6y\u00fc\u015fl\u0259rd\u0259 \u015f\u0259hid oldu\u011funu bildirib. S\u0259dr qeyd edib ki, K.H\u00fcseynov \u00f6l\u00fcm\u00fcnd\u0259n sonra Prezident S\u0259r\u0259ncam\u0131yla \u201cV\u0259t\u0259n u\u011frunda\u201d v\u0259 \u201cF\u00fczulinin azad edilm\u0259si u\u011frunda\u201d medallar\u0131yla t\u0259ltif edilib.<\/strong><br \/>\n<strong>T\u0259mraz Ta\u011f\u0131yev daha sonra qeyd edib ki, r\u0259hb\u0259rlik etdiyi b\u0259l\u0259diyy\u0259 daim \u015f\u0259hid v\u0259 qazi ail\u0259l\u0259rini diqq\u0259td\u0259 saxlmaqla, onlara m\u00fct\u0259madi olaraq maddi v\u0259 m\u0259n\u0259vi d\u0259st\u0259k g\u00f6st\u0259rir.<\/strong><br \/>\n<strong>S\u0259drin s\u00f6zl\u0259rin\u0259 g\u00f6r\u0259, m\u00fcz\u0259ff\u0259r ordumuzun \u015fanl\u0131 q\u0259l\u0259b\u0259sind\u0259n sonrak\u0131 d\u00f6vrd\u0259 b\u0259l\u0259diyy\u0259d\u0259 geni\u015f t\u0259dbirl\u0259r plan\u0131 haz\u0131rlan\u0131b. T\u0259dbirl\u0259r plan\u0131n\u0131n \u0259sas mahiyy\u0259ti \u015f\u0259hid ail\u0259 \u00fczvl\u0259rinin, m\u00fcharib\u0259 \u0259lill\u0259rinin, m\u00fcharib\u0259 qazil\u0259rinin v\u0259 i\u015ftirak\u00e7\u0131lar\u0131n\u0131n m\u0259\u015f\u011fulluqlar\u0131n\u0131n m\u00fcxt\u0259lif istiqam\u0259tl\u0259rind\u0259 t\u0259minat\u0131na d\u0259st\u0259k verm\u0259kdir. Biz bu m\u00fcdd\u0259t \u0259rzind\u0259 h\u0259min kateqoriyadan olan \u015f\u0259xsl\u0259rin m\u0259\u015f\u011fullu\u011funa t\u00f6hf\u0259 verm\u0259y\u0259 \u00e7al\u0131\u015fm\u0131\u015f\u0131q.<\/strong><br \/>\n<strong>Qeyd edim ki, bu g\u00fcn\u0259d\u0259k be\u015f n\u0259f\u0259r \u015f\u0259hid ail\u0259sinin \u00fczv\u00fc b\u0259l\u0259diyy\u0259d\u0259 daimi i\u015fl\u0259 t\u0259min edilmi\u015f, 31 n\u0259f\u0259r \u015f\u0259hid v\u0259 qazi ail\u0259sin\u0259 ayl\u0131q olaraq maddi d\u0259st\u0259k g\u00f6st\u0259rilir. Bununla yana\u015f\u0131 yeddi n\u0259f\u0259r \u015f\u0259hid ail\u0259sinin \u00f6vlad\u0131na ayl\u0131q t\u0259qa\u00fcd verilir.<\/strong><\/p>\n<style type=\"text\/css\">\n\t#foogallery-gallery-2183 .fg-image {\n        width: 640px;\n    }\n<\/style>\n\t\t\t\t<div class=\"foogallery foogallery-container foogallery-image-viewer foogallery-link-image foogallery-lightbox-foobox fg-center fg-image-viewer fg-light fg-border-thin fg-shadow-outline fg-loading-default fg-loaded-fade-in fg-caption-hover fg-hover-fade fg-hover-zoom fg-ready\" id=\"foogallery-gallery-2183\" data-foogallery=\"{&quot;item&quot;:{&quot;showCaptionTitle&quot;:true,&quot;showCaptionDescription&quot;:true},&quot;lazy&quot;:true,&quot;template&quot;:{&quot;loop&quot;:true}}\" >\n\t<div class=\"fiv-inner\">\n\t\t<div class=\"fiv-inner-container\">\n\t\t\t<div class=\"fg-item fg-type-image fg-idle\"><figure class=\"fg-item-inner\"><a href=\"https:\/\/cdn.shortpixel.ai\/client\/q_lossy,ret_wait\/https:\/\/narimanovbelediyyesi.az\/wp-content\/uploads\/2023\/02\/Screenshot_1.png\" data-attachment-id=\"2184\" data-spai-upd=\"1\" class=\"fg-thumb\"><span class=\"fg-image-wrap\"><img width=\"640\" height=\"360\" class=\"skip-lazy fg-image\" data-src-fg=\"https:\/\/cdn.shortpixel.ai\/client\/w_640,h_360,q_lossy,ret_wait\/https:\/\/narimanovbelediyyesi.az\/wp-content\/uploads\/2023\/02\/Screenshot_1.png\" src=\"data:image\/svg+xml,%3Csvg%20xmlns%3D%22http%3A%2F%2Fwww.w3.org%2F2000%2Fsvg%22%20width%3D%22640%22%20height%3D%22360%22%20viewBox%3D%220%200%20640%20360%22%3E%3C%2Fsvg%3E\"><\/span><span class=\"fg-image-overlay\"><\/span><\/a><figcaption class=\"fg-caption\"><div class=\"fg-caption-inner\"><\/div><\/figcaption><\/figure><div class=\"fg-loader\"><\/div><\/div>\t\t<\/div>\n\t\t<div class=\"fiv-ctrls\">\n\t\t\t<div class=\"fiv-prev\"><span>Geriy\u0259<\/span><\/div>\n\t\t\t<label class=\"fiv-count\"><span class=\"fiv-count-current\">1<\/span>of<span class=\"fiv-count-total\">1<\/span><\/label>\n\t\t\t<div class=\"fiv-next\"><span>\u0130r\u0259li<\/span><\/div>\n\t\t<\/div>\n\t<\/div>\n<\/div>\n","protected":false},"excerpt":{"rendered":"<p>V\u0259t\u0259n m\u00fcharib\u0259si \u015f\u0259hidi Kamran H\u00fcseynovun h\u0259yat yolda\u015f\u0131 S\u0259nub\u0259r H\u00fcseynova N\u0259rimanov b\u0259l\u0259diyy\u0259sind\u0259 i\u015fl\u0259 t\u0259min edil\u0259r\u0259k, sosial inki\u015faf v\u0259 xidm\u0259t \u015f\u00f6b\u0259sin\u0259 m\u00fct\u0259x\u0259ssis v\u0259zif\u0259sin\u0259 t\u0259yin edilib. Nax\u00e7\u0131van M\u00fc\u0259lliml\u0259r \u0130nstitutunun m\u0259zunu olmu\u015f S.H\u00fcseynova bu g\u00fcn kollektiv\u0259 t\u0259qdim edilib. G\u00f6r\u00fc\u015fd\u0259 Az\u0259rbaycan \u015e\u0259h\u0259r B\u0259l\u0259diyy\u0259l\u0259ri Milli Assosiasiyas\u0131n\u0131n v\u0259 N\u0259rimanov B\u0259l\u0259diyy\u0259sinin s\u0259dri T\u0259mraz Ta\u011f\u0131yev \u00e7\u0131x\u0131\u015f ed\u0259r\u0259k S\u0259nub\u0259r H\u00fcseynovan\u0131n h\u0259yat yolda\u015f\u0131 Kamran H\u00fcseynovun k\u00f6n\u00fcll\u00fc olaraq nizami ordu s\u0131ralar\u0131na qo\u015fuldu\u011funu, habel\u0259 V\u0259t\u0259n [&hellip;]<\/p>\n","protected":false},"author":2,"featured_media":2184,"comment_status":"closed","ping_status":"open","sticky":false,"template":"","format":"standard","meta":[],"categories":[2],"tags":[],"_links":{"self":[{"href":"https:\/\/narimanovbelediyyesi.az\/site3\/wp-json\/wp\/v2\/posts\/2185"}],"collection":[{"href":"https:\/\/narimanovbelediyyesi.az\/site3\/wp-json\/wp\/v2\/posts"}],"about":[{"href":"https:\/\/narimanovbelediyyesi.az\/site3\/wp-json\/wp\/v2\/types\/post"}],"author":[{"embeddable":true,"href":"https:\/\/narimanovbelediyyesi.az\/site3\/wp-json\/wp\/v2\/users\/2"}],"replies":[{"embeddable":true,"href":"https:\/\/narimanovbelediyyesi.az\/site3\/wp-json\/wp\/v2\/comments?post=2185"}],"version-history":[{"count":2,"href":"https:\/\/narimanovbelediyyesi.az\/site3\/wp-json\/wp\/v2\/posts\/2185\/revisions"}],"predecessor-version":[{"id":2187,"href":"https:\/\/narimanovbelediyyesi.az\/site3\/wp-json\/wp\/v2\/posts\/2185\/revisions\/2187"}],"wp:featuredmedia":[{"embeddable":true,"href":"https:\/\/narimanovbelediyyesi.az\/site3\/wp-json\/wp\/v2\/media\/2184"}],"wp:attachment":[{"href":"https:\/\/narimanovbelediyyesi.az\/site3\/wp-json\/wp\/v2\/media?parent=2185"}],"wp:term":[{"taxonomy":"category","embeddable":true,"href":"https:\/\/narimanovbelediyyesi.az\/site3\/wp-json\/wp\/v2\/categories?post=2185"},{"taxonomy":"post_tag","embeddable":true,"href":"https:\/\/narimanovbelediyyesi.az\/site3\/wp-json\/wp\/v2\/tags?post=2185"}],"curies":[{"name":"wp","href":"https:\/\/api.w.org\/{rel}","templated":true}]}}