{"id":2163,"date":"2023-02-13T09:15:28","date_gmt":"2023-02-13T06:15:28","guid":{"rendered":"https:\/\/narimanovbelediyyesi.az\/site3\/?p=2163"},"modified":"2023-02-13T09:15:28","modified_gmt":"2023-02-13T06:15:28","slug":"konqresin-monitorinq-komit%c9%99sinin-isind%c9%99-az%c9%99rbaycan-numay%c9%99nd%c9%99-hey%c9%99ti-istirak-edir","status":"publish","type":"post","link":"https:\/\/narimanovbelediyyesi.az\/site3\/2023\/02\/13\/konqresin-monitorinq-komit%c9%99sinin-isind%c9%99-az%c9%99rbaycan-numay%c9%99nd%c9%99-hey%c9%99ti-istirak-edir\/","title":{"rendered":"Konqresin Monitorinq Komit\u0259sinin i\u015find\u0259 Az\u0259rbaycan n\u00fcmay\u0259nd\u0259 hey\u0259ti i\u015ftirak edir"},"content":{"rendered":"<div class=\"x11i5rnm xat24cr x1mh8g0r x1vvkbs xdj266r x126k92a\">\n<div dir=\"auto\">Avropa \u015euras\u0131n\u0131n Yerli v\u0259 Regional Hakimiyy\u0259tl\u0259ri Konqresinin Monitorinq Komit\u0259sinin \u00fczvl\u0259ri Anar \u0130brahimov, T\u0259mraz Ta\u011f\u0131yev v\u0259 n\u00fcmay\u0259nd\u0259 hey\u0259tinin katibi R\u00f6v\u015f\u0259n M\u0259mm\u0259dov komit\u0259nin 9 fevral tarixli iclas\u0131nda i\u015ftirak etm\u0259k \u00fc\u00e7\u00fcn Fransan\u0131n Strasburq \u015f\u0259h\u0259rind\u0259 s\u0259f\u0259rd\u0259dil\u0259r.<\/div>\n<\/div>\n<div class=\"x11i5rnm xat24cr x1mh8g0r x1vvkbs xtlvy1s x126k92a\">\n<div dir=\"auto\">\u0130lk olaraq Monitorinq komit\u0259sinin s\u0259dri Gudrun Mosler-Toernstroem v\u0259 Konqresin yeni ba\u015f katibi Mathieu Mori \u00e7\u0131x\u0131\u015f ed\u0259r\u0259k T\u00fcrkiy\u0259y\u0259 ba\u015f sa\u011fl\u0131\u011f\u0131 veribl\u0259r v\u0259 Konqresin 2023-c\u00fc ild\u0259 ki i\u015f planlar\u0131ndan dan\u0131\u015f\u0131blar.<\/div>\n<\/div>\n<div class=\"x11i5rnm xat24cr x1mh8g0r x1vvkbs xtlvy1s x126k92a\">\n<div dir=\"auto\">Sonra Rum\u0131niyada Avropa Yerli \u00f6z\u00fcn\u00fcidar\u0259etm\u0259 Xartiyas\u0131n\u0131n t\u0259tbiqinin monitorinqinin m\u00fczakir\u0259si v\u0259 s\u0259s verm\u0259si olub. S\u0259s verm\u0259d\u0259n sonra Slovakiya Respublikas\u0131 bar\u0259sind\u0259 icrada olan Monitorinq hesabat\u0131 \u00fczr\u0259 dan\u0131\u015f\u0131qlar gedib.<\/div>\n<\/div>\n<div class=\"x11i5rnm xat24cr x1mh8g0r x1vvkbs xtlvy1s x126k92a\">\n<div dir=\"auto\">Avropada yerli v\u0259 regional demokratiya ba\u015fl\u0131\u011f\u0131 alt\u0131nda son m\u00f6vzular Fransada ke\u00e7irilm\u0259si g\u00f6zl\u0259nil\u0259n Avropa Yerli \u00f6z\u00fcn\u00fcidar\u0259etm\u0259 Xartiyas\u0131n\u0131n t\u0259tbiqinin monitorinqini v\u0259 Moldaviyada ke\u00e7iril\u0259n post-monitorinq f\u0259aliyy\u0259tl\u0259rini \u0259hat\u0259 edib.<\/div>\n<\/div>\n<div class=\"x11i5rnm xat24cr x1mh8g0r x1vvkbs xtlvy1s x126k92a\">\n<div dir=\"auto\">\u0130clasda h\u0259m\u00e7inin S\u00fcni intelektin t\u0259tbiqinin yerli v\u0259 regional \u00f6l\u00e7\u00fcl\u0259ri haqq\u0131nda m\u00fczakir\u0259l\u0259r ba\u015f tutmu\u015f v\u0259 Konqresin se\u00e7ki v\u0259 monitorinq \u00fczr\u0259 i\u015f planlar\u0131 t\u0259sdiq edilmi\u015fdir. Daha sonra yerli v\u0259 regional se\u00e7kil\u0259rin m\u00fc\u015fahid\u0259si ba\u015fl\u0131\u011f\u0131 alt\u0131nda dig\u0259r m\u0259s\u0259l\u0259l\u0259rin m\u00fczakir\u0259si olub. Bosniya v\u0259 Herseqovinada 2 oktyabr 2022-ci il tarixind\u0259 ke\u00e7iril\u0259n kantonal se\u00e7kil\u0259rin monitorinqinin n\u0259tic\u0259l\u0259ri m\u00fczakir\u0259 olunub.<\/div>\n<div dir=\"auto\">\n<style type=\"text\/css\">\n\t#foogallery-gallery-2162 .fg-image {\n        width: 640px;\n    }\n<\/style>\n\t\t\t\t<div class=\"foogallery foogallery-container foogallery-image-viewer foogallery-link-image foogallery-lightbox-foobox fg-center fg-image-viewer fg-light fg-border-thin fg-shadow-outline fg-loading-default fg-loaded-fade-in fg-caption-hover fg-hover-fade fg-hover-zoom fg-ready\" id=\"foogallery-gallery-2162\" data-foogallery=\"{&quot;item&quot;:{&quot;showCaptionTitle&quot;:true,&quot;showCaptionDescription&quot;:true},&quot;lazy&quot;:true,&quot;template&quot;:{&quot;loop&quot;:true}}\" >\n\t<div class=\"fiv-inner\">\n\t\t<div class=\"fiv-inner-container\">\n\t\t\t<div class=\"fg-item fg-type-image fg-idle\"><figure class=\"fg-item-inner\"><a href=\"https:\/\/cdn.shortpixel.ai\/client\/q_lossy,ret_wait\/https:\/\/narimanovbelediyyesi.az\/wp-content\/uploads\/2023\/02\/330147572_1629044504183603_3263978631758200503_n.jpg\" data-attachment-id=\"2164\" data-spai-upd=\"1\" class=\"fg-thumb\"><span class=\"fg-image-wrap\"><img width=\"640\" height=\"360\" class=\"skip-lazy fg-image\" data-src-fg=\"https:\/\/cdn.shortpixel.ai\/client\/w_640,h_360,q_lossy,ret_wait\/https:\/\/narimanovbelediyyesi.az\/wp-content\/uploads\/2023\/02\/330147572_1629044504183603_3263978631758200503_n.jpg\" src=\"data:image\/svg+xml,%3Csvg%20xmlns%3D%22http%3A%2F%2Fwww.w3.org%2F2000%2Fsvg%22%20width%3D%22640%22%20height%3D%22360%22%20viewBox%3D%220%200%20640%20360%22%3E%3C%2Fsvg%3E\"><\/span><span class=\"fg-image-overlay\"><\/span><\/a><figcaption class=\"fg-caption\"><div class=\"fg-caption-inner\"><\/div><\/figcaption><\/figure><div class=\"fg-loader\"><\/div><\/div><div class=\"fg-item fg-type-image fg-idle\"><figure class=\"fg-item-inner\"><a href=\"https:\/\/cdn.shortpixel.ai\/client\/q_lossy,ret_wait\/https:\/\/narimanovbelediyyesi.az\/wp-content\/uploads\/2023\/02\/330134737_763879145151319_1291220299748875526_n.jpg\" data-attachment-id=\"2165\" data-spai-upd=\"1\" class=\"fg-thumb\"><span class=\"fg-image-wrap\"><img width=\"640\" height=\"360\" class=\"skip-lazy fg-image\" data-src-fg=\"https:\/\/cdn.shortpixel.ai\/client\/w_640,h_360,q_lossy,ret_wait\/https:\/\/narimanovbelediyyesi.az\/wp-content\/uploads\/2023\/02\/330134737_763879145151319_1291220299748875526_n.jpg\" src=\"data:image\/svg+xml,%3Csvg%20xmlns%3D%22http%3A%2F%2Fwww.w3.org%2F2000%2Fsvg%22%20width%3D%22640%22%20height%3D%22360%22%20viewBox%3D%220%200%20640%20360%22%3E%3C%2Fsvg%3E\"><\/span><span class=\"fg-image-overlay\"><\/span><\/a><figcaption class=\"fg-caption\"><div class=\"fg-caption-inner\"><\/div><\/figcaption><\/figure><div class=\"fg-loader\"><\/div><\/div>\t\t<\/div>\n\t\t<div class=\"fiv-ctrls\">\n\t\t\t<div class=\"fiv-prev\"><span>Geriy\u0259<\/span><\/div>\n\t\t\t<label class=\"fiv-count\"><span class=\"fiv-count-current\">1<\/span>of<span class=\"fiv-count-total\">2<\/span><\/label>\n\t\t\t<div class=\"fiv-next\"><span>\u0130r\u0259li<\/span><\/div>\n\t\t<\/div>\n\t<\/div>\n<\/div>\n<\/div>\n<\/div>\n","protected":false},"excerpt":{"rendered":"<p>Avropa \u015euras\u0131n\u0131n Yerli v\u0259 Regional Hakimiyy\u0259tl\u0259ri Konqresinin Monitorinq Komit\u0259sinin \u00fczvl\u0259ri Anar \u0130brahimov, T\u0259mraz Ta\u011f\u0131yev v\u0259 n\u00fcmay\u0259nd\u0259 hey\u0259tinin katibi R\u00f6v\u015f\u0259n M\u0259mm\u0259dov komit\u0259nin 9 fevral tarixli iclas\u0131nda i\u015ftirak etm\u0259k \u00fc\u00e7\u00fcn Fransan\u0131n Strasburq \u015f\u0259h\u0259rind\u0259 s\u0259f\u0259rd\u0259dil\u0259r. \u0130lk olaraq Monitorinq komit\u0259sinin s\u0259dri Gudrun Mosler-Toernstroem v\u0259 Konqresin yeni ba\u015f katibi Mathieu Mori \u00e7\u0131x\u0131\u015f ed\u0259r\u0259k T\u00fcrkiy\u0259y\u0259 ba\u015f sa\u011fl\u0131\u011f\u0131 veribl\u0259r v\u0259 Konqresin 2023-c\u00fc ild\u0259 ki i\u015f planlar\u0131ndan dan\u0131\u015f\u0131blar. Sonra Rum\u0131niyada [&hellip;]<\/p>\n","protected":false},"author":2,"featured_media":2165,"comment_status":"closed","ping_status":"open","sticky":false,"template":"","format":"standard","meta":[],"categories":[2],"tags":[],"_links":{"self":[{"href":"https:\/\/narimanovbelediyyesi.az\/site3\/wp-json\/wp\/v2\/posts\/2163"}],"collection":[{"href":"https:\/\/narimanovbelediyyesi.az\/site3\/wp-json\/wp\/v2\/posts"}],"about":[{"href":"https:\/\/narimanovbelediyyesi.az\/site3\/wp-json\/wp\/v2\/types\/post"}],"author":[{"embeddable":true,"href":"https:\/\/narimanovbelediyyesi.az\/site3\/wp-json\/wp\/v2\/users\/2"}],"replies":[{"embeddable":true,"href":"https:\/\/narimanovbelediyyesi.az\/site3\/wp-json\/wp\/v2\/comments?post=2163"}],"version-history":[{"count":1,"href":"https:\/\/narimanovbelediyyesi.az\/site3\/wp-json\/wp\/v2\/posts\/2163\/revisions"}],"predecessor-version":[{"id":2166,"href":"https:\/\/narimanovbelediyyesi.az\/site3\/wp-json\/wp\/v2\/posts\/2163\/revisions\/2166"}],"wp:featuredmedia":[{"embeddable":true,"href":"https:\/\/narimanovbelediyyesi.az\/site3\/wp-json\/wp\/v2\/media\/2165"}],"wp:attachment":[{"href":"https:\/\/narimanovbelediyyesi.az\/site3\/wp-json\/wp\/v2\/media?parent=2163"}],"wp:term":[{"taxonomy":"category","embeddable":true,"href":"https:\/\/narimanovbelediyyesi.az\/site3\/wp-json\/wp\/v2\/categories?post=2163"},{"taxonomy":"post_tag","embeddable":true,"href":"https:\/\/narimanovbelediyyesi.az\/site3\/wp-json\/wp\/v2\/tags?post=2163"}],"curies":[{"name":"wp","href":"https:\/\/api.w.org\/{rel}","templated":true}]}}