{"id":2134,"date":"2023-01-27T15:13:29","date_gmt":"2023-01-27T12:13:29","guid":{"rendered":"https:\/\/narimanovbelediyyesi.az\/site3\/?p=2134"},"modified":"2023-01-27T15:45:38","modified_gmt":"2023-01-27T12:45:38","slug":"q%c9%99hr%c9%99manlar-n%c9%99rimanov-b%c9%99l%c9%99diyy%c9%99sind%c9%99-olub","status":"publish","type":"post","link":"https:\/\/narimanovbelediyyesi.az\/site3\/2023\/01\/27\/q%c9%99hr%c9%99manlar-n%c9%99rimanov-b%c9%99l%c9%99diyy%c9%99sind%c9%99-olub\/","title":{"rendered":"Q\u0259hr\u0259manlar N\u0259rimanov B\u0259l\u0259diyy\u0259sind\u0259 olub"},"content":{"rendered":"<div class=\"x11i5rnm xat24cr x1mh8g0r x1vvkbs xdj266r x126k92a\">\n<div dir=\"auto\">Bu g\u00fcn N\u0259rimanov b\u0259l\u0259diyy\u0259sind\u0259 Az\u0259rbaycan \u015e\u0259h\u0259r B\u0259l\u0259diyy\u0259l\u0259ri Milli Assosiasiyas\u0131n\u0131n v\u0259 N\u0259rimanov b\u0259l\u0259diyy\u0259sinin s\u0259dri T\u0259mraz Ta\u011f\u0131yev\u0131n V\u0259t\u0259n M\u00fcharib\u0259si Q\u0259hr\u0259man\u0131, \u015f\u0259hid Azad H\u00fcmb\u0259tovun atas\u0131, N\u0259rimanov rayon A\u011fsaqqallar \u015euras\u0131n\u0131 s\u0259dri Arif H\u00fcmb\u0259tovla v\u0259 V\u0259t\u0259n M\u00fcharib\u0259si Q\u0259hr\u0259man\u0131 Zaur Hikm\u0259t o\u011flu Quliyevl\u0259 g\u00f6r\u00fc\u015f\u00fc ke\u00e7irilib.<\/div>\n<\/div>\n<div class=\"x11i5rnm xat24cr x1mh8g0r x1vvkbs xtlvy1s x126k92a\">\n<div dir=\"auto\">T\u0259mraz Ta\u011f\u0131yev xalq\u0131m\u0131z\u0131n h\u0259r bir \u00fczv\u00fcn\u00fcn Prezident \u0130lham \u018fliyevin \u00adM\u00fcz\u0259f\u00adf\u0259r Ali Ba\u015f Komandanl\u0131\u011f\u0131 alt\u0131nda torpaqlar\u0131m\u0131z\u0131n erm\u0259ni i\u015f\u011fal\u0131ndan azad olunmas\u0131 u\u011frunda m\u00fcq\u0259dd\u0259s sava\u015f\u0131n q\u0259r\u0259manlar\u0131 il\u0259 g\u00f6r\u00fc\u015fd\u0259n q\u00fcrur duydu\u011funu bildirib.<\/div>\n<\/div>\n<div class=\"x11i5rnm xat24cr x1mh8g0r x1vvkbs xtlvy1s x126k92a\">\n<div dir=\"auto\">G\u00f6r\u00fc\u015fd\u0259 h\u0259m\u00e7inin V\u0259t\u0259nimizin b\u00fct\u00f6vl\u00fcy\u00fc u\u011frunda d\u00f6y\u00fc\u015fl\u0259rd\u0259 h\u0259lak olmu\u015f h\u0259rbi qulluq\u00e7ular\u0131n g\u00f6st\u0259rdikl\u0259ri igidlik v\u0259 f\u0259dakarl\u0131qlar\u0131ndan dan\u0131\u015f\u0131l\u0131b, onlar\u0131n \u0259ziz xatir\u0259l\u0259rinin h\u0259r zaman ehtiramla yad edil\u0259c\u0259yi v\u0259 \u0259ziz tutulaca\u011f\u0131 vur\u011fulan\u0131b.<\/div>\n<\/div>\n<div class=\"x11i5rnm xat24cr x1mh8g0r x1vvkbs xtlvy1s x126k92a\">\n<div dir=\"auto\">Qeyd ed\u0259k ki, Hikm\u0259t Quliyev C\u0259bray\u0131l \u015f\u0259h\u0259rinin, F\u00fczuli \u015f\u0259h\u0259rinin, Hadrut q\u0259s\u0259b\u0259sinin v\u0259 Qubadl\u0131 \u015f\u0259h\u0259rinin azad edilm\u0259si u\u011frunda ged\u0259n d\u00f6y\u00fc\u015fl\u0259ri idar\u0259 ed\u0259n zaman q\u0259hr\u0259manl\u0131q n\u00fcmun\u0259si g\u00f6st\u0259rib. \u015e\u0259hid q\u0259hr\u0259man Azad H\u00fcmb\u0259tov is\u0259 F\u00fczuli \u015f\u0259h\u0259rinin, Hadrut q\u0259s\u0259b\u0259sinin, Qubadl\u0131 \u015f\u0259h\u0259rinin v\u0259 La\u00e7\u0131n d\u0259hlizinin azad edilm\u0259si u\u011frunda ged\u0259n d\u00f6y\u00fc\u015fl\u0259r zaman\u0131 q\u0259hr\u0259manl\u0131q n\u00fcmun\u0259si g\u00f6st\u0259rib v\u0259 \u015f\u0259hid olub.<\/div>\n<\/div>\n<div class=\"x11i5rnm xat24cr x1mh8g0r x1vvkbs xtlvy1s x126k92a\">\n<div dir=\"auto\">G\u00f6r\u00fc\u015f\u00fcn sonunda N\u0259rimanov b\u0259l\u0259diyy\u0259sinin inzibati binas\u0131nda V\u0259t\u0259n m\u00fcharib\u0259si q\u0259hr\u0259manlar\u0131na h\u0259sr olunmu\u015f gu\u015f\u0259nin qar\u015f\u0131s\u0131nda xatir\u0259 \u015f\u0259kli \u00e7\u0259kilib.<\/div>\n<div dir=\"auto\">\n<style type=\"text\/css\">\n\t#foogallery-gallery-2133 .fg-image {\n        width: 640px;\n    }\n<\/style>\n\t\t\t\t<div class=\"foogallery foogallery-container foogallery-image-viewer foogallery-link-image foogallery-lightbox-foobox fg-center fg-image-viewer fg-light fg-border-thin fg-shadow-outline fg-loading-default fg-loaded-fade-in fg-caption-hover fg-hover-fade fg-hover-zoom fg-ready\" id=\"foogallery-gallery-2133\" data-foogallery=\"{&quot;item&quot;:{&quot;showCaptionTitle&quot;:true,&quot;showCaptionDescription&quot;:true},&quot;lazy&quot;:true,&quot;template&quot;:{&quot;loop&quot;:true}}\" >\n\t<div class=\"fiv-inner\">\n\t\t<div class=\"fiv-inner-container\">\n\t\t\t<div class=\"fg-item fg-type-image fg-idle\"><figure class=\"fg-item-inner\"><a href=\"https:\/\/cdn.shortpixel.ai\/client\/q_lossy,ret_wait\/https:\/\/narimanovbelediyyesi.az\/wp-content\/uploads\/2023\/01\/327740726_2365666163608176_430487405106618236_n.jpg\" data-attachment-id=\"2135\" data-spai-upd=\"1\" class=\"fg-thumb\"><span class=\"fg-image-wrap\"><img width=\"640\" height=\"360\" class=\"skip-lazy fg-image\" data-src-fg=\"https:\/\/cdn.shortpixel.ai\/client\/w_640,h_360,q_lossy,ret_wait\/https:\/\/narimanovbelediyyesi.az\/wp-content\/uploads\/2023\/01\/327740726_2365666163608176_430487405106618236_n.jpg\" src=\"data:image\/svg+xml,%3Csvg%20xmlns%3D%22http%3A%2F%2Fwww.w3.org%2F2000%2Fsvg%22%20width%3D%22640%22%20height%3D%22360%22%20viewBox%3D%220%200%20640%20360%22%3E%3C%2Fsvg%3E\"><\/span><span class=\"fg-image-overlay\"><\/span><\/a><figcaption class=\"fg-caption\"><div class=\"fg-caption-inner\"><\/div><\/figcaption><\/figure><div class=\"fg-loader\"><\/div><\/div><div class=\"fg-item fg-type-image fg-idle\"><figure class=\"fg-item-inner\"><a href=\"https:\/\/cdn.shortpixel.ai\/client\/q_lossy,ret_wait\/https:\/\/narimanovbelediyyesi.az\/wp-content\/uploads\/2023\/01\/327710872_1569434710197840_321170805056437099_n.jpg\" data-attachment-id=\"2136\" data-spai-upd=\"1\" class=\"fg-thumb\"><span class=\"fg-image-wrap\"><img width=\"640\" height=\"360\" class=\"skip-lazy fg-image\" data-src-fg=\"https:\/\/cdn.shortpixel.ai\/client\/w_640,h_360,q_lossy,ret_wait\/https:\/\/narimanovbelediyyesi.az\/wp-content\/uploads\/2023\/01\/327710872_1569434710197840_321170805056437099_n.jpg\" src=\"data:image\/svg+xml,%3Csvg%20xmlns%3D%22http%3A%2F%2Fwww.w3.org%2F2000%2Fsvg%22%20width%3D%22640%22%20height%3D%22360%22%20viewBox%3D%220%200%20640%20360%22%3E%3C%2Fsvg%3E\"><\/span><span class=\"fg-image-overlay\"><\/span><\/a><figcaption class=\"fg-caption\"><div class=\"fg-caption-inner\"><\/div><\/figcaption><\/figure><div class=\"fg-loader\"><\/div><\/div>\t\t<\/div>\n\t\t<div class=\"fiv-ctrls\">\n\t\t\t<div class=\"fiv-prev\"><span>Geriy\u0259<\/span><\/div>\n\t\t\t<label class=\"fiv-count\"><span class=\"fiv-count-current\">1<\/span>of<span class=\"fiv-count-total\">2<\/span><\/label>\n\t\t\t<div class=\"fiv-next\"><span>\u0130r\u0259li<\/span><\/div>\n\t\t<\/div>\n\t<\/div>\n<\/div>\n<\/div>\n<\/div>\n","protected":false},"excerpt":{"rendered":"<p>Bu g\u00fcn N\u0259rimanov b\u0259l\u0259diyy\u0259sind\u0259 Az\u0259rbaycan \u015e\u0259h\u0259r B\u0259l\u0259diyy\u0259l\u0259ri Milli Assosiasiyas\u0131n\u0131n v\u0259 N\u0259rimanov b\u0259l\u0259diyy\u0259sinin s\u0259dri T\u0259mraz Ta\u011f\u0131yev\u0131n V\u0259t\u0259n M\u00fcharib\u0259si Q\u0259hr\u0259man\u0131, \u015f\u0259hid Azad H\u00fcmb\u0259tovun atas\u0131, N\u0259rimanov rayon A\u011fsaqqallar \u015euras\u0131n\u0131 s\u0259dri Arif H\u00fcmb\u0259tovla v\u0259 V\u0259t\u0259n M\u00fcharib\u0259si Q\u0259hr\u0259man\u0131 Zaur Hikm\u0259t o\u011flu Quliyevl\u0259 g\u00f6r\u00fc\u015f\u00fc ke\u00e7irilib. T\u0259mraz Ta\u011f\u0131yev xalq\u0131m\u0131z\u0131n h\u0259r bir \u00fczv\u00fcn\u00fcn Prezident \u0130lham \u018fliyevin \u00adM\u00fcz\u0259f\u00adf\u0259r Ali Ba\u015f Komandanl\u0131\u011f\u0131 alt\u0131nda torpaqlar\u0131m\u0131z\u0131n erm\u0259ni i\u015f\u011fal\u0131ndan azad olunmas\u0131 u\u011frunda m\u00fcq\u0259dd\u0259s sava\u015f\u0131n q\u0259r\u0259manlar\u0131 [&hellip;]<\/p>\n","protected":false},"author":2,"featured_media":2136,"comment_status":"closed","ping_status":"open","sticky":false,"template":"","format":"standard","meta":[],"categories":[2],"tags":[],"_links":{"self":[{"href":"https:\/\/narimanovbelediyyesi.az\/site3\/wp-json\/wp\/v2\/posts\/2134"}],"collection":[{"href":"https:\/\/narimanovbelediyyesi.az\/site3\/wp-json\/wp\/v2\/posts"}],"about":[{"href":"https:\/\/narimanovbelediyyesi.az\/site3\/wp-json\/wp\/v2\/types\/post"}],"author":[{"embeddable":true,"href":"https:\/\/narimanovbelediyyesi.az\/site3\/wp-json\/wp\/v2\/users\/2"}],"replies":[{"embeddable":true,"href":"https:\/\/narimanovbelediyyesi.az\/site3\/wp-json\/wp\/v2\/comments?post=2134"}],"version-history":[{"count":1,"href":"https:\/\/narimanovbelediyyesi.az\/site3\/wp-json\/wp\/v2\/posts\/2134\/revisions"}],"predecessor-version":[{"id":2137,"href":"https:\/\/narimanovbelediyyesi.az\/site3\/wp-json\/wp\/v2\/posts\/2134\/revisions\/2137"}],"wp:featuredmedia":[{"embeddable":true,"href":"https:\/\/narimanovbelediyyesi.az\/site3\/wp-json\/wp\/v2\/media\/2136"}],"wp:attachment":[{"href":"https:\/\/narimanovbelediyyesi.az\/site3\/wp-json\/wp\/v2\/media?parent=2134"}],"wp:term":[{"taxonomy":"category","embeddable":true,"href":"https:\/\/narimanovbelediyyesi.az\/site3\/wp-json\/wp\/v2\/categories?post=2134"},{"taxonomy":"post_tag","embeddable":true,"href":"https:\/\/narimanovbelediyyesi.az\/site3\/wp-json\/wp\/v2\/tags?post=2134"}],"curies":[{"name":"wp","href":"https:\/\/api.w.org\/{rel}","templated":true}]}}