{"id":2015,"date":"2022-10-26T13:44:02","date_gmt":"2022-10-26T10:44:02","guid":{"rendered":"https:\/\/narimanovbelediyyesi.az\/site3\/?p=2015"},"modified":"2022-10-26T13:44:30","modified_gmt":"2022-10-26T10:44:30","slug":"t%c9%99mraz-tagiyev-avropa-surasi-konqresinin-43-cu-sessiyasinda-cixis-edib","status":"publish","type":"post","link":"https:\/\/narimanovbelediyyesi.az\/site3\/2022\/10\/26\/t%c9%99mraz-tagiyev-avropa-surasi-konqresinin-43-cu-sessiyasinda-cixis-edib\/","title":{"rendered":"T\u0259mraz Ta\u011f\u0131yev Avropa \u015euras\u0131 Konqresinin 43-c\u00fc sessiyas\u0131nda \u00e7\u0131x\u0131\u015f edib"},"content":{"rendered":"<p><strong>Az\u0259rbaycan b\u0259l\u0259diyy\u0259 \u00fczvl\u0259rind\u0259n ibar\u0259t n\u00fcmay\u0259nd\u0259 hey\u0259ti Avropa \u015euras\u0131 Yerli v\u0259 Regional Hakimiyy\u0259tl\u0259r Konqresinin 43-c\u00fc sessiyas\u0131nda i\u015ftirak etm\u0259k \u00fc\u00e7\u00fcn Fransan\u0131n Strasburq \u015f\u0259h\u0259rind\u0259 s\u0259f\u0259rd\u0259dir.<\/strong><\/p>\n<p>N\u00fcmay\u0259nd\u0259 hey\u0259tinin \u00fczv\u00fc Az\u0259rbaycan \u015e\u0259h\u0259r B\u0259l\u0259diyy\u0259l\u0259rinin Milli Assosiasiyas\u0131n\u0131n v\u0259 N\u0259rimanov b\u0259l\u0259diyy\u0259sinin\u00a0 s\u0259dri T\u0259mraz Ta\u011f\u0131yev Konqresin \u201cA\u011f\u0131ll\u0131 \u015f\u0259h\u0259rl\u0259r v\u0259 regionlar: insan idar\u0259etm\u0259sinin yana\u015fma perspektivl\u0259ri\u201d m\u00f6vzusunda ke\u00e7iril\u0259n panel iclas\u0131nda \u00e7\u0131x\u0131\u015f edib.<\/p>\n<p>\u00c7\u0131x\u0131\u015f\u0131nda assosiasiya s\u0259dri bildirib ki, d\u00fcnya \u0259halisinin yar\u0131dan \u00e7oxu \u015f\u0259h\u0259rl\u0259rd\u0259 ya\u015fay\u0131r v\u0259 2050-ci il\u0259 q\u0259d\u0259r Birl\u0259\u015fmi\u015f Mill\u0259tl\u0259r T\u0259\u015fkilat\u0131n\u0131n hesablamalar\u0131na g\u00f6r\u0259, bu r\u0259q\u0259m 70 faiz t\u0259\u015fkil ed\u0259c\u0259k: \u201cA\u011f\u0131ll\u0131 \u015f\u0259h\u0259rl\u0259r g\u0259l\u0259c\u0259k n\u0259sil \u00fc\u00e7\u00fcn h\u0259yati amill\u0259rd\u0259n biridir, \u00e7\u00fcnki resurslar\u0131n h\u0259ddind\u0259n art\u0131q istifad\u0259si, karbon emissiyalar\u0131n\u0131n artmas\u0131, imkan b\u0259rab\u0259rliyinin azalmas\u0131, yoxsulluq, s\u00fcr\u0259tl\u0259 inki\u015faf ed\u0259n \u015f\u0259h\u0259r inki\u015faf\u0131n\u0131n yaratd\u0131\u011f\u0131 infrastrukturun qeyri-kafiliyin qar\u015f\u0131s\u0131n\u0131 ancaq a\u011f\u0131ll\u0131 \u015f\u0259h\u0259rl\u0259rin k\u00f6m\u0259yi il\u0259 almaq olar. Bununla ba\u011fl\u0131 Birl\u0259\u015fmi\u015f Mill\u0259tl\u0259r T\u0259\u015fkilat\u0131 bildirir ki, davaml\u0131 inki\u015faf \u015f\u0259h\u0259r m\u0259kanlar\u0131m\u0131z\u0131 qurmaq v\u0259 idar\u0259 etm\u0259k \u00fcsulumuzu d\u0259yi\u015fdirm\u0259kl\u0259 m\u00fcmk\u00fcn olacaq. Buna g\u00f6r\u0259 d\u0259 davaml\u0131 g\u0259l\u0259c\u0259kd\u0259 a\u011f\u0131ll\u0131 \u015f\u0259h\u0259rl\u0259rin rolu vacibdir.<\/p>\n<p>D\u00fc\u015f\u00fcn\u00fcr\u0259m ki, s\u00fcr\u0259tl\u0259 inki\u015faf ed\u0259n a\u011f\u0131ll\u0131 \u015f\u0259h\u0259rl\u0259rd\u0259 insan h\u00fcquqlar\u0131n\u0131n \u0259h\u0259miyy\u0259ti diqq\u0259td\u0259n k\u0259narda qal\u0131r. Hesabatda bildirildiyi kimi, m\u0259lumatlar\u0131n m\u00fchafiz\u0259si v\u0259 n\u0259zar\u0259ti, \u015f\u0259ffafl\u0131q v\u0259 r\u0259q\u0259msal b\u0259rab\u0259rsizliyin d\u0259rinl\u0259\u015fdirilm\u0259si kimi m\u0259s\u0259l\u0259l\u0259r narahatl\u0131q do\u011furan \u0259sas m\u0259s\u0259l\u0259l\u0259rd\u0259ndir. Bu g\u00fcnl\u0259rd\u0259 Avropan\u0131n bir \u00e7ox yerind\u0259 a\u011f\u0131ll\u0131 \u015f\u0259h\u0259rl\u0259rin konfiqurasiyas\u0131 i\u015fl\u0259ri apar\u0131l\u0131r v\u0259 Konqresin k\u00f6m\u0259yi il\u0259 qar\u015f\u0131l\u0131ql\u0131 t\u0259cr\u00fcb\u0259 m\u00fcbadil\u0259si a\u011f\u0131ll\u0131 \u015f\u0259h\u0259rl\u0259rin tikintisini g\u00fccl\u0259ndir\u0259 bil\u0259r.\u201d<\/p>\n<p>Az\u0259rbaycan\u0131n \u015e\u0259rqi Z\u0259ng\u0259zur \u0130qtisadi Zonas\u0131nda tikilm\u0259kd\u0259 olan A\u011fal\u0131da sal\u0131nan a\u011f\u0131ll\u0131 k\u0259ndi misal olaraq \u00e7\u0259k\u0259n assosiasiya s\u0259dri daha sonra bunlar\u0131 bildirib: \u201c\u018fn vacib amill\u0259rd\u0259n biri olaraq A\u011fal\u0131da b\u00fct\u00fcn h\u0259yat yaln\u0131z b\u0259rpa olunan enerji m\u0259nb\u0259l\u0259ri hesab\u0131na qar\u015f\u0131lan\u0131r ki, bu da Konqresin 2021-2026 Prioritetl\u0259rinin 6-c\u0131 madd\u0259sini, y\u0259ni \u018ftraf M\u00fchit Probleml\u0259ri v\u0259 \u0130qlim F\u0259aliyy\u0259tini n\u0259z\u0259r\u0259 al\u0131r. Dig\u0259r m\u00fch\u00fcm v\u0259zif\u0259 h\u0259r k\u0259s\u0259 distant t\u0259hsil se\u00e7imi il\u0259 b\u0259rab\u0259r innovativ v\u0259 r\u0259q\u0259msal t\u0259hsilin veril\u0259c\u0259yi smart m\u0259kt\u0259bl\u0259rin yarad\u0131lmas\u0131d\u0131r. Bu c\u00fcr a\u011f\u0131ll\u0131 m\u0259kt\u0259bl\u0259r, Layih\u0259nin t\u0259klifinin 2.c v\u0259 3.c b\u0259ndl\u0259rind\u0259 qeyd olundu\u011fu kimi, g\u0259nc n\u0259sil aras\u0131nda r\u0259q\u0259msal b\u0259rab\u0259rsizliyin v\u0259 sosial\/iqtisadi ayr\u0131-se\u00e7kiliyin d\u0259rinl\u0259\u015fm\u0259sinin qar\u015f\u0131s\u0131n\u0131 alacaq. Bu g\u00fcn A\u011fal\u0131da a\u011f\u0131ll\u0131 k\u0259ndd\u0259 bir \u00e7ox ba\u015fqa yenilikl\u0259r yarad\u0131l\u0131r v\u0259 biz Konqres v\u0259 Avropa \u015euras\u0131n\u0131n dig\u0259r \u00fczvl\u0259ri il\u0259 t\u0259cr\u00fcb\u0259 m\u00fcbadil\u0259si aparma\u011fa haz\u0131r\u0131q.\u201d<\/p>\n<p>Son olaraq s\u0259dr qeyd edib ki, A\u011fal\u0131da sal\u0131nan a\u011f\u0131ll\u0131 k\u0259nd b\u00fct\u00fcn Dayan\u0131ql\u0131 \u0130nki\u015faf M\u0259qs\u0259dl\u0259rini n\u0259z\u0259r\u0259 al\u0131r v\u0259 bu istiqam\u0259td\u0259 inki\u015faf edir: \u201c\u0130n\u015fallah, Konqres Az\u0259rbaycan\u0131n \u015e\u0259rqi Z\u0259ng\u0259zur v\u0259 Qaraba\u011f \u0130qtisadi Zonalar\u0131nda tikil\u0259n a\u011f\u0131ll\u0131 \u015f\u0259h\u0259rl\u0259rin inki\u015faf\u0131 \u00fc\u00e7\u00fcn \u00f6z t\u0259cr\u00fcb\u0259sini v\u0259 k\u00f6m\u0259yini saxlayacaq. Konqres Avropada insan y\u00f6n\u00fcml\u00fc a\u011f\u0131ll\u0131 \u015f\u0259h\u0259rl\u0259rin planla\u015fd\u0131r\u0131lmas\u0131 v\u0259 biznesind\u0259 b\u00f6y\u00fck k\u00f6m\u0259k ola bil\u0259r. \u00dcmid edir\u0259m ki, yax\u0131n g\u0259l\u0259c\u0259kd\u0259 Konqres bu m\u0259s\u0259l\u0259ni aktiv fazaya \u00e7\u0131xararaq, a\u011f\u0131ll\u0131 \u015f\u0259h\u0259rl\u0259rin daha s\u0259m\u0259r\u0259li, sosial, \u0259l\u00e7atan, \u0259dal\u0259tli, texnoloji v\u0259 ya\u015fana bil\u0259r olmas\u0131nda b\u00f6y\u00fck paya sahib olacaq.\u201d<\/p>\n<p>Xat\u0131rladaq ki, iclasda \u00f6lk\u0259mizi Nax\u00e7\u0131van Muxtar Respublikas\u0131 Ali M\u0259clisinin deputat\u0131 Anar \u0130brahimovun r\u0259hb\u0259rlik etdiyi n\u00fcmay\u0259nd\u0259 hey\u0259ti t\u0259msil edir. Konqresin iclaslar\u0131nda n\u00fcmay\u0259nd\u0259 hey\u0259tinin \u00fczvl\u0259ri Nax\u00e7\u0131van MR Ali M\u0259clisinin \u00fczv\u00fc Aid\u0259 C\u0259lillzad\u0259, Az\u0259rbaycan \u015e\u0259h\u0259r B\u0259l\u0259diyy\u0259l\u0259rinin Milli Assosiasiyas\u0131n\u0131n s\u0259dri T\u0259mraz Ta\u011f\u0131yev, Az\u0259rbaycan Q\u0259s\u0259b\u0259 B\u0259l\u0259diyy\u0259l\u0259rinin Milli Assosiasiyas\u0131n\u0131n s\u0259dri H\u00fcmb\u0259t H\u00fcseynov v\u0259 N\u0259rimanov b\u0259l\u0259diyy\u0259sinin \u00fczv\u00fc Samir\u0259 H\u00fcseynova i\u015ftirak edir.<\/p>\n<p>Qeyd ed\u0259kki, Konqresin i\u015find\u0259 Az\u0259rbaycan Q\u0259s\u0259b\u0259 B\u0259l\u0259diyy\u0259l\u0259rinin Milli Assosiasiyas\u0131n\u0131n s\u0259dri H\u00fcmb\u0259t H\u00fcseynov \u00e7\u0131x\u0131\u015f edib, bug\u00fcn k\u00fc iclasda is\u0259 n\u00fcmay\u0259nd\u0259 hey\u0259tinin r\u0259b\u0259ri, Nax\u00e7\u0131van Muxtar Respublikas\u0131 Ali M\u0259clisinin deputat\u0131 Anar \u0130brahimovun \u00e7\u0131x\u0131\u015f\u0131 n\u0259z\u0259rd\u0259 tutulub.<\/p>\n<style type=\"text\/css\">\n\t#foogallery-gallery-2016 .fg-image {\n        width: 640px;\n    }\n<\/style>\n\t\t\t\t<div class=\"foogallery foogallery-container foogallery-image-viewer foogallery-link-image foogallery-lightbox-foobox fg-center fg-image-viewer fg-light fg-border-thin fg-shadow-outline fg-loading-default fg-loaded-fade-in fg-caption-hover fg-hover-fade fg-hover-zoom fg-ready\" id=\"foogallery-gallery-2016\" data-foogallery=\"{&quot;item&quot;:{&quot;showCaptionTitle&quot;:true,&quot;showCaptionDescription&quot;:true},&quot;lazy&quot;:true,&quot;template&quot;:{&quot;loop&quot;:true}}\" >\n\t<div class=\"fiv-inner\">\n\t\t<div class=\"fiv-inner-container\">\n\t\t\t<div class=\"fg-item fg-type-image fg-idle\"><figure class=\"fg-item-inner\"><a href=\"https:\/\/cdn.shortpixel.ai\/client\/q_lossy,ret_wait\/https:\/\/narimanovbelediyyesi.az\/wp-content\/uploads\/2022\/10\/IMG-20221025-WA0024.jpg\" data-attachment-id=\"2017\" data-spai-upd=\"1\" class=\"fg-thumb\"><span class=\"fg-image-wrap\"><img width=\"640\" height=\"360\" class=\"skip-lazy fg-image\" data-src-fg=\"https:\/\/cdn.shortpixel.ai\/client\/w_640,h_360,q_lossy,ret_wait\/https:\/\/narimanovbelediyyesi.az\/wp-content\/uploads\/2022\/10\/IMG-20221025-WA0024.jpg\" src=\"data:image\/svg+xml,%3Csvg%20xmlns%3D%22http%3A%2F%2Fwww.w3.org%2F2000%2Fsvg%22%20width%3D%22640%22%20height%3D%22360%22%20viewBox%3D%220%200%20640%20360%22%3E%3C%2Fsvg%3E\"><\/span><span class=\"fg-image-overlay\"><\/span><\/a><figcaption class=\"fg-caption\"><div class=\"fg-caption-inner\"><\/div><\/figcaption><\/figure><div class=\"fg-loader\"><\/div><\/div><div class=\"fg-item fg-type-image fg-idle\"><figure class=\"fg-item-inner\"><a href=\"https:\/\/cdn.shortpixel.ai\/client\/q_lossy,ret_wait\/https:\/\/narimanovbelediyyesi.az\/wp-content\/uploads\/2022\/10\/IMG-20221025-WA0004.jpg\" data-attachment-id=\"2018\" data-spai-upd=\"1\" class=\"fg-thumb\"><span class=\"fg-image-wrap\"><img width=\"640\" height=\"360\" class=\"skip-lazy fg-image\" data-src-fg=\"https:\/\/cdn.shortpixel.ai\/client\/w_640,h_360,q_lossy,ret_wait\/https:\/\/narimanovbelediyyesi.az\/wp-content\/uploads\/2022\/10\/IMG-20221025-WA0004.jpg\" src=\"data:image\/svg+xml,%3Csvg%20xmlns%3D%22http%3A%2F%2Fwww.w3.org%2F2000%2Fsvg%22%20width%3D%22640%22%20height%3D%22360%22%20viewBox%3D%220%200%20640%20360%22%3E%3C%2Fsvg%3E\"><\/span><span class=\"fg-image-overlay\"><\/span><\/a><figcaption class=\"fg-caption\"><div class=\"fg-caption-inner\"><\/div><\/figcaption><\/figure><div class=\"fg-loader\"><\/div><\/div><div class=\"fg-item fg-type-image fg-idle\"><figure class=\"fg-item-inner\"><a href=\"https:\/\/cdn.shortpixel.ai\/client\/q_lossy,ret_wait\/https:\/\/narimanovbelediyyesi.az\/wp-content\/uploads\/2022\/10\/IMG-20221025-WA0025.jpg\" data-attachment-id=\"2019\" data-spai-upd=\"1\" class=\"fg-thumb\"><span class=\"fg-image-wrap\"><img width=\"640\" height=\"360\" class=\"skip-lazy fg-image\" data-src-fg=\"https:\/\/cdn.shortpixel.ai\/client\/w_640,h_360,q_lossy,ret_wait\/https:\/\/narimanovbelediyyesi.az\/wp-content\/uploads\/2022\/10\/IMG-20221025-WA0025.jpg\" src=\"data:image\/svg+xml,%3Csvg%20xmlns%3D%22http%3A%2F%2Fwww.w3.org%2F2000%2Fsvg%22%20width%3D%22640%22%20height%3D%22360%22%20viewBox%3D%220%200%20640%20360%22%3E%3C%2Fsvg%3E\"><\/span><span class=\"fg-image-overlay\"><\/span><\/a><figcaption class=\"fg-caption\"><div class=\"fg-caption-inner\"><\/div><\/figcaption><\/figure><div class=\"fg-loader\"><\/div><\/div>\t\t<\/div>\n\t\t<div class=\"fiv-ctrls\">\n\t\t\t<div class=\"fiv-prev\"><span>Geriy\u0259<\/span><\/div>\n\t\t\t<label class=\"fiv-count\"><span class=\"fiv-count-current\">1<\/span>of<span class=\"fiv-count-total\">3<\/span><\/label>\n\t\t\t<div class=\"fiv-next\"><span>\u0130r\u0259li<\/span><\/div>\n\t\t<\/div>\n\t<\/div>\n<\/div>\n","protected":false},"excerpt":{"rendered":"<p>Az\u0259rbaycan b\u0259l\u0259diyy\u0259 \u00fczvl\u0259rind\u0259n ibar\u0259t n\u00fcmay\u0259nd\u0259 hey\u0259ti Avropa \u015euras\u0131 Yerli v\u0259 Regional Hakimiyy\u0259tl\u0259r Konqresinin 43-c\u00fc sessiyas\u0131nda i\u015ftirak etm\u0259k \u00fc\u00e7\u00fcn Fransan\u0131n Strasburq \u015f\u0259h\u0259rind\u0259 s\u0259f\u0259rd\u0259dir. N\u00fcmay\u0259nd\u0259 hey\u0259tinin \u00fczv\u00fc Az\u0259rbaycan \u015e\u0259h\u0259r B\u0259l\u0259diyy\u0259l\u0259rinin Milli Assosiasiyas\u0131n\u0131n v\u0259 N\u0259rimanov b\u0259l\u0259diyy\u0259sinin\u00a0 s\u0259dri T\u0259mraz Ta\u011f\u0131yev Konqresin \u201cA\u011f\u0131ll\u0131 \u015f\u0259h\u0259rl\u0259r v\u0259 regionlar: insan idar\u0259etm\u0259sinin yana\u015fma perspektivl\u0259ri\u201d m\u00f6vzusunda ke\u00e7iril\u0259n panel iclas\u0131nda \u00e7\u0131x\u0131\u015f edib. \u00c7\u0131x\u0131\u015f\u0131nda assosiasiya s\u0259dri bildirib ki, d\u00fcnya \u0259halisinin yar\u0131dan \u00e7oxu \u015f\u0259h\u0259rl\u0259rd\u0259 ya\u015fay\u0131r [&hellip;]<\/p>\n","protected":false},"author":2,"featured_media":2019,"comment_status":"closed","ping_status":"open","sticky":false,"template":"","format":"standard","meta":[],"categories":[2],"tags":[],"_links":{"self":[{"href":"https:\/\/narimanovbelediyyesi.az\/site3\/wp-json\/wp\/v2\/posts\/2015"}],"collection":[{"href":"https:\/\/narimanovbelediyyesi.az\/site3\/wp-json\/wp\/v2\/posts"}],"about":[{"href":"https:\/\/narimanovbelediyyesi.az\/site3\/wp-json\/wp\/v2\/types\/post"}],"author":[{"embeddable":true,"href":"https:\/\/narimanovbelediyyesi.az\/site3\/wp-json\/wp\/v2\/users\/2"}],"replies":[{"embeddable":true,"href":"https:\/\/narimanovbelediyyesi.az\/site3\/wp-json\/wp\/v2\/comments?post=2015"}],"version-history":[{"count":1,"href":"https:\/\/narimanovbelediyyesi.az\/site3\/wp-json\/wp\/v2\/posts\/2015\/revisions"}],"predecessor-version":[{"id":2020,"href":"https:\/\/narimanovbelediyyesi.az\/site3\/wp-json\/wp\/v2\/posts\/2015\/revisions\/2020"}],"wp:featuredmedia":[{"embeddable":true,"href":"https:\/\/narimanovbelediyyesi.az\/site3\/wp-json\/wp\/v2\/media\/2019"}],"wp:attachment":[{"href":"https:\/\/narimanovbelediyyesi.az\/site3\/wp-json\/wp\/v2\/media?parent=2015"}],"wp:term":[{"taxonomy":"category","embeddable":true,"href":"https:\/\/narimanovbelediyyesi.az\/site3\/wp-json\/wp\/v2\/categories?post=2015"},{"taxonomy":"post_tag","embeddable":true,"href":"https:\/\/narimanovbelediyyesi.az\/site3\/wp-json\/wp\/v2\/tags?post=2015"}],"curies":[{"name":"wp","href":"https:\/\/api.w.org\/{rel}","templated":true}]}}