{"id":2004,"date":"2022-10-24T10:58:14","date_gmt":"2022-10-24T07:58:14","guid":{"rendered":"https:\/\/narimanovbelediyyesi.az\/site3\/?p=2004"},"modified":"2022-10-24T10:59:01","modified_gmt":"2022-10-24T07:59:01","slug":"b%c9%99l%c9%99diyyy%c9%99-uzvl%c9%99rinin-istirak-etdiyi-numay%c9%99nd%c9%99-hey%c9%99ti-strasburqa-yola-dusub-22-10-2022","status":"publish","type":"post","link":"https:\/\/narimanovbelediyyesi.az\/site3\/2022\/10\/24\/b%c9%99l%c9%99diyyy%c9%99-uzvl%c9%99rinin-istirak-etdiyi-numay%c9%99nd%c9%99-hey%c9%99ti-strasburqa-yola-dusub-22-10-2022\/","title":{"rendered":"B\u0259l\u0259diyyy\u0259 \u00fczvl\u0259rinin i\u015ftirak etdiyi n\u00fcmay\u0259nd\u0259 hey\u0259ti Strasburqa yola d\u00fc\u015f\u00fcb 22.10.2022"},"content":{"rendered":"<p>Az\u0259rbaycan b\u0259l\u0259diyy\u0259 \u00fczvl\u0259rind\u0259n ibar\u0259t n\u00fcmay\u0259nd\u0259 hey\u0259ti Avropa \u015euras\u0131 Yerli v\u0259 Regional Hakimiyy\u0259tl\u0259r Konqresinin 43-ci sessiyas\u0131nda i\u015ftirak etm\u0259k Fransan\u0131n Strasburq \u015f\u0259h\u0259rin\u0259 yola d\u00fc\u015f\u00fcb.<\/p>\n<p>Az\u0259rbaycan \u015e\u0259h\u0259r B\u0259l\u0259diyy\u0259l\u0259rinin Milli Assosiasiyas\u0131n\u0131n s\u0259dri T\u0259mraz Ta\u011f\u0131\u0131yev bildirib ki, iclasda \u00f6lk\u0259mizi Nax\u00e7\u0131van Muxtar Respublikas\u0131 Ali M\u0259clisinin deputat\u0131 Anar \u0130brahimovun r\u0259hb\u0259rlik etdiyi n\u00fcmay\u0259nd\u0259 hey\u0259ti t\u0259msil edir. Konqresin iclaslar\u0131nda n\u00fcmay\u0259nd\u0259 hey\u0259tinin \u00fczvl\u0259ri Nax\u00e7\u0131van MR Ali M\u0259clisinin \u00fczv\u00fc Aid\u0259 C\u0259lillzad\u0259, Az\u0259rbaycan \u015e\u0259h\u0259r B\u0259l\u0259diyy\u0259l\u0259rinin Milli Assosiasiyas\u0131n\u0131n s\u0259dri T\u0259mraz Ta\u011f\u0131yev, Az\u0259rbaycan Q\u0259s\u0259b\u0259 B\u0259l\u0259diyy\u0259l\u0259rinin Milli Assosiasiyas\u0131n\u0131n s\u0259dri H\u00fcmb\u0259t H\u00fcseynov v\u0259 N\u0259rimanov b\u0259l\u0259diyy\u0259sinin \u00fczv\u00fc Samir\u0259 H\u00fcseynova i\u015ftirak ed\u0259c\u0259kdir.<\/p>\n<p>T\u0259dbir \u00e7\u0259r\u00e7iv\u0259sind\u0259 \u0259vv\u0259lc\u0259 konqresin Regionlar v\u0259 Yerli hakimiyy\u0259tl\u0259r palatalar\u0131n\u0131n B\u00fcro iclaslar\u0131, siyasi qruplar\u0131n v\u0259 n\u00fcmay\u0259nd\u0259 hey\u0259tl\u0259rinin katibl\u0259rinin g\u00f6r\u00fc\u015f\u00fc ke\u00e7ir\u0259l\u0259c\u0259k.<\/p>\n<p>Sessiyan\u0131n gedi\u015find\u0259 n\u00fcmay\u0259nd\u0259 hey\u0259tinin \u00fczvl\u0259rinin d\u0259 \u00e7\u0131x\u0131\u015flar\u0131 n\u0259z\u0259rd\u0259 tutulur.<\/p>\n<style type=\"text\/css\">\n\t#foogallery-gallery-2002 .fg-image {\n        width: 640px;\n    }\n<\/style>\n\t\t\t\t<div class=\"foogallery foogallery-container foogallery-image-viewer foogallery-link-image foogallery-lightbox-foobox fg-center fg-image-viewer fg-light fg-border-thin fg-shadow-outline fg-loading-default fg-loaded-fade-in fg-caption-hover fg-hover-fade fg-hover-zoom fg-ready\" id=\"foogallery-gallery-2002\" data-foogallery=\"{&quot;item&quot;:{&quot;showCaptionTitle&quot;:true,&quot;showCaptionDescription&quot;:true},&quot;lazy&quot;:true,&quot;template&quot;:{&quot;loop&quot;:true}}\" >\n\t<div class=\"fiv-inner\">\n\t\t<div class=\"fiv-inner-container\">\n\t\t\t<div class=\"fg-item fg-type-image fg-idle\"><figure class=\"fg-item-inner\"><a href=\"https:\/\/cdn.shortpixel.ai\/client\/q_lossy,ret_wait\/https:\/\/narimanovbelediyyesi.az\/wp-content\/uploads\/2022\/10\/16664354761948958893_1000x669.jpg\" data-attachment-id=\"2003\" data-spai-upd=\"1\" class=\"fg-thumb\"><span class=\"fg-image-wrap\"><img width=\"640\" height=\"360\" class=\"skip-lazy fg-image\" data-src-fg=\"https:\/\/cdn.shortpixel.ai\/client\/w_640,h_360,q_lossy,ret_wait\/https:\/\/narimanovbelediyyesi.az\/wp-content\/uploads\/2022\/10\/16664354761948958893_1000x669.jpg\" src=\"data:image\/svg+xml,%3Csvg%20xmlns%3D%22http%3A%2F%2Fwww.w3.org%2F2000%2Fsvg%22%20width%3D%22640%22%20height%3D%22360%22%20viewBox%3D%220%200%20640%20360%22%3E%3C%2Fsvg%3E\"><\/span><span class=\"fg-image-overlay\"><\/span><\/a><figcaption class=\"fg-caption\"><div class=\"fg-caption-inner\"><\/div><\/figcaption><\/figure><div class=\"fg-loader\"><\/div><\/div>\t\t<\/div>\n\t\t<div class=\"fiv-ctrls\">\n\t\t\t<div class=\"fiv-prev\"><span>Geriy\u0259<\/span><\/div>\n\t\t\t<label class=\"fiv-count\"><span class=\"fiv-count-current\">1<\/span>of<span class=\"fiv-count-total\">1<\/span><\/label>\n\t\t\t<div class=\"fiv-next\"><span>\u0130r\u0259li<\/span><\/div>\n\t\t<\/div>\n\t<\/div>\n<\/div>\n","protected":false},"excerpt":{"rendered":"<p>Az\u0259rbaycan b\u0259l\u0259diyy\u0259 \u00fczvl\u0259rind\u0259n ibar\u0259t n\u00fcmay\u0259nd\u0259 hey\u0259ti Avropa \u015euras\u0131 Yerli v\u0259 Regional Hakimiyy\u0259tl\u0259r Konqresinin 43-ci sessiyas\u0131nda i\u015ftirak etm\u0259k Fransan\u0131n Strasburq \u015f\u0259h\u0259rin\u0259 yola d\u00fc\u015f\u00fcb. Az\u0259rbaycan \u015e\u0259h\u0259r B\u0259l\u0259diyy\u0259l\u0259rinin Milli Assosiasiyas\u0131n\u0131n s\u0259dri T\u0259mraz Ta\u011f\u0131\u0131yev bildirib ki, iclasda \u00f6lk\u0259mizi Nax\u00e7\u0131van Muxtar Respublikas\u0131 Ali M\u0259clisinin deputat\u0131 Anar \u0130brahimovun r\u0259hb\u0259rlik etdiyi n\u00fcmay\u0259nd\u0259 hey\u0259ti t\u0259msil edir. Konqresin iclaslar\u0131nda n\u00fcmay\u0259nd\u0259 hey\u0259tinin \u00fczvl\u0259ri Nax\u00e7\u0131van MR Ali M\u0259clisinin \u00fczv\u00fc Aid\u0259 C\u0259lillzad\u0259, Az\u0259rbaycan \u015e\u0259h\u0259r [&hellip;]<\/p>\n","protected":false},"author":2,"featured_media":2003,"comment_status":"closed","ping_status":"open","sticky":false,"template":"","format":"standard","meta":[],"categories":[2],"tags":[],"_links":{"self":[{"href":"https:\/\/narimanovbelediyyesi.az\/site3\/wp-json\/wp\/v2\/posts\/2004"}],"collection":[{"href":"https:\/\/narimanovbelediyyesi.az\/site3\/wp-json\/wp\/v2\/posts"}],"about":[{"href":"https:\/\/narimanovbelediyyesi.az\/site3\/wp-json\/wp\/v2\/types\/post"}],"author":[{"embeddable":true,"href":"https:\/\/narimanovbelediyyesi.az\/site3\/wp-json\/wp\/v2\/users\/2"}],"replies":[{"embeddable":true,"href":"https:\/\/narimanovbelediyyesi.az\/site3\/wp-json\/wp\/v2\/comments?post=2004"}],"version-history":[{"count":2,"href":"https:\/\/narimanovbelediyyesi.az\/site3\/wp-json\/wp\/v2\/posts\/2004\/revisions"}],"predecessor-version":[{"id":2006,"href":"https:\/\/narimanovbelediyyesi.az\/site3\/wp-json\/wp\/v2\/posts\/2004\/revisions\/2006"}],"wp:featuredmedia":[{"embeddable":true,"href":"https:\/\/narimanovbelediyyesi.az\/site3\/wp-json\/wp\/v2\/media\/2003"}],"wp:attachment":[{"href":"https:\/\/narimanovbelediyyesi.az\/site3\/wp-json\/wp\/v2\/media?parent=2004"}],"wp:term":[{"taxonomy":"category","embeddable":true,"href":"https:\/\/narimanovbelediyyesi.az\/site3\/wp-json\/wp\/v2\/categories?post=2004"},{"taxonomy":"post_tag","embeddable":true,"href":"https:\/\/narimanovbelediyyesi.az\/site3\/wp-json\/wp\/v2\/tags?post=2004"}],"curies":[{"name":"wp","href":"https:\/\/api.w.org\/{rel}","templated":true}]}}