{"id":1983,"date":"2022-10-20T15:14:34","date_gmt":"2022-10-20T12:14:34","guid":{"rendered":"https:\/\/narimanovbelediyyesi.az\/site3\/?p=1983"},"modified":"2022-10-20T15:14:34","modified_gmt":"2022-10-20T12:14:34","slug":"ilham-%c9%99liyev-v%c9%99-%c9%99rdogan-z%c9%99ngilan-aeroportunun-acilisini-etdil%c9%99r-20-10-2022","status":"publish","type":"post","link":"https:\/\/narimanovbelediyyesi.az\/site3\/2022\/10\/20\/ilham-%c9%99liyev-v%c9%99-%c9%99rdogan-z%c9%99ngilan-aeroportunun-acilisini-etdil%c9%99r-20-10-2022\/","title":{"rendered":"\u0130lham \u018fliyev v\u0259 \u018frdo\u011fan Z\u0259ngilan aeroportunun a\u00e7\u0131l\u0131\u015f\u0131n\u0131 etdil\u0259r. 20.10.2022"},"content":{"rendered":"<div class=\"xdj266r x11i5rnm xat24cr x1mh8g0r x1vvkbs x126k92a\">\n<div dir=\"auto\">T\u00fcrkiy\u0259 Prezidenti R\u0259c\u0259b Tayyib \u018frdo\u011fan\u0131n Az\u0259rbaycana s\u0259f\u0259ri ba\u015flay\u0131b. R.T.\u018frdo\u011fan\u0131n oldu\u011fu t\u0259yyar\u0259 Z\u0259ngilan Hava Liman\u0131na eni\u015f edib. Bununla da T\u00fcrkiy\u0259 prezidenti Z\u0259ngilan aeroportuna g\u0259l\u0259n ilk xarici d\u00f6vl\u0259t ba\u015f\u00e7\u0131s\u0131d\u0131r. Z\u0259ngilan Beyn\u0259lxalq Hava Liman\u0131nda R.T.\u018frdo\u011fan\u0131 Az\u0259rbaycan Prezidenti \u0130lham \u018fliyev qar\u015f\u0131lay\u0131b.<\/div>\n<\/div>\n<div class=\"x11i5rnm xat24cr x1mh8g0r x1vvkbs xtlvy1s x126k92a\">\n<div dir=\"auto\">R.T.\u018frdo\u011fan\u0131 T\u00fcrkiy\u0259 B\u00f6y\u00fck Mill\u0259t M\u0259clisinin s\u0259dr m\u00fcavini C\u0259lal Adan, xarici i\u015fl\u0259r naziri M\u00f6vlud \u00c7avu\u015fo\u011flu, milli m\u00fcdafi\u0259 naziri Hulusi Akar, k\u0259nd t\u0259s\u0259rr\u00fcfat\u0131 v\u0259 me\u015f\u0259\u00e7ilik naziri Vahit Kiri\u015f\u00e7i, n\u0259qliyyat v\u0259 infrastuktur naziri Adil Karaismailo\u011flu, \u018fdal\u0259t v\u0259 \u0130nki\u015faf Partiyas\u0131 s\u0259drinin m\u00fcavini Bin\u0259li Y\u0131ld\u0131r\u0131m, \u018fdal\u0259t v\u0259 \u0130nki\u015faf Partiyas\u0131n\u0131n s\u00f6z\u00e7\u00fcs\u00fc \u00d6m\u0259r \u00c7\u0259lik, Prezident Administrasiyas\u0131n\u0131n Kommunikasiya \u0130dar\u0259sinin r\u0259isi F\u0259xr\u0259ddin Altun v\u0259 Prezidentin s\u00f6z\u00e7\u00fcs\u00fc \u0130brahim Kal\u0131n m\u00fc\u015fay\u0259t edirl\u0259r.<\/div>\n<\/div>\n<div class=\"x11i5rnm xat24cr x1mh8g0r x1vvkbs xtlvy1s x126k92a\">\n<div dir=\"auto\">Sonra Z\u0259ngilan Beyn\u0259lxalq Hava Liman\u0131n\u0131n a\u00e7\u0131l\u0131\u015f m\u0259rasimi olub. \u0130lham \u018fliyev v\u0259 \u018frdo\u011fan a\u00e7\u0131l\u0131\u015f m\u0259rasimind\u0259 i\u015ftirak edibl\u0259r.<\/div>\n<\/div>\n<div class=\"x11i5rnm xat24cr x1mh8g0r x1vvkbs xtlvy1s x126k92a\">\n<div dir=\"auto\">Az\u0259rbaycan v\u0259 T\u00fcrkiy\u0259 prezidentl\u0259ri hava liman\u0131n\u0131n r\u0259mzi a\u00e7\u0131l\u0131\u015f\u0131n\u0131 bildir\u0259n lenti k\u0259sibl\u0259r. Z\u0259ngilan Beyn\u0259lxalq Hava Liman\u0131n\u0131n r\u0259mzi a\u00e7arlar\u0131 prezidentl\u0259r\u0259 t\u0259qdim edilib.<\/div>\n<\/div>\n<div class=\"x11i5rnm xat24cr x1mh8g0r x1vvkbs xtlvy1s x126k92a\">\n<div dir=\"auto\">D\u00f6vl\u0259t ba\u015f\u00e7\u0131lar\u0131 hava liman\u0131nda yarad\u0131lan \u015f\u0259raitl\u0259 tan\u0131\u015f olublar.<\/div>\n<div dir=\"auto\">\n<style type=\"text\/css\">\n\t#foogallery-gallery-1979 .fg-image {\n        width: 640px;\n    }\n<\/style>\n\t\t\t\t<div class=\"foogallery foogallery-container foogallery-image-viewer foogallery-link-image foogallery-lightbox-foobox fg-center fg-image-viewer fg-light fg-border-thin fg-shadow-outline fg-loading-default fg-loaded-fade-in fg-caption-hover fg-hover-fade fg-hover-zoom fg-ready\" id=\"foogallery-gallery-1979\" data-foogallery=\"{&quot;item&quot;:{&quot;showCaptionTitle&quot;:true,&quot;showCaptionDescription&quot;:true},&quot;lazy&quot;:true,&quot;template&quot;:{&quot;loop&quot;:true}}\" >\n\t<div class=\"fiv-inner\">\n\t\t<div class=\"fiv-inner-container\">\n\t\t\t<div class=\"fg-item fg-type-image fg-idle\"><figure class=\"fg-item-inner\"><a href=\"https:\/\/cdn.shortpixel.ai\/client\/q_lossy,ret_wait\/https:\/\/narimanovbelediyyesi.az\/wp-content\/uploads\/2022\/10\/311567496_2405097352980961_2899340708786125968_n.jpg\" data-attachment-id=\"1980\" data-spai-upd=\"1\" class=\"fg-thumb\"><span class=\"fg-image-wrap\"><img width=\"640\" height=\"360\" class=\"skip-lazy fg-image\" data-src-fg=\"https:\/\/cdn.shortpixel.ai\/client\/w_640,h_360,q_lossy,ret_wait\/https:\/\/narimanovbelediyyesi.az\/wp-content\/uploads\/2022\/10\/311567496_2405097352980961_2899340708786125968_n.jpg\" src=\"data:image\/svg+xml,%3Csvg%20xmlns%3D%22http%3A%2F%2Fwww.w3.org%2F2000%2Fsvg%22%20width%3D%22640%22%20height%3D%22360%22%20viewBox%3D%220%200%20640%20360%22%3E%3C%2Fsvg%3E\"><\/span><span class=\"fg-image-overlay\"><\/span><\/a><figcaption class=\"fg-caption\"><div class=\"fg-caption-inner\"><\/div><\/figcaption><\/figure><div class=\"fg-loader\"><\/div><\/div><div class=\"fg-item fg-type-image fg-idle\"><figure class=\"fg-item-inner\"><a href=\"https:\/\/cdn.shortpixel.ai\/client\/q_lossy,ret_wait\/https:\/\/narimanovbelediyyesi.az\/wp-content\/uploads\/2022\/10\/311787721_10160201370511489_3175708875459393234_n.jpg\" data-attachment-id=\"1981\" data-spai-upd=\"1\" class=\"fg-thumb\"><span class=\"fg-image-wrap\"><img width=\"640\" height=\"360\" class=\"skip-lazy fg-image\" data-src-fg=\"https:\/\/cdn.shortpixel.ai\/client\/w_640,h_360,q_lossy,ret_wait\/https:\/\/narimanovbelediyyesi.az\/wp-content\/uploads\/2022\/10\/311787721_10160201370511489_3175708875459393234_n.jpg\" src=\"data:image\/svg+xml,%3Csvg%20xmlns%3D%22http%3A%2F%2Fwww.w3.org%2F2000%2Fsvg%22%20width%3D%22640%22%20height%3D%22360%22%20viewBox%3D%220%200%20640%20360%22%3E%3C%2Fsvg%3E\"><\/span><span class=\"fg-image-overlay\"><\/span><\/a><figcaption class=\"fg-caption\"><div class=\"fg-caption-inner\"><\/div><\/figcaption><\/figure><div class=\"fg-loader\"><\/div><\/div><div class=\"fg-item fg-type-image fg-idle\"><figure class=\"fg-item-inner\"><a href=\"https:\/\/cdn.shortpixel.ai\/client\/q_lossy,ret_wait\/https:\/\/narimanovbelediyyesi.az\/wp-content\/uploads\/2022\/10\/FotoJet-66.jpg\" data-attachment-id=\"1982\" data-spai-upd=\"1\" class=\"fg-thumb\"><span class=\"fg-image-wrap\"><img width=\"640\" height=\"360\" class=\"skip-lazy fg-image\" data-src-fg=\"https:\/\/cdn.shortpixel.ai\/client\/w_640,h_360,q_lossy,ret_wait\/https:\/\/narimanovbelediyyesi.az\/wp-content\/uploads\/2022\/10\/FotoJet-66.jpg\" src=\"data:image\/svg+xml,%3Csvg%20xmlns%3D%22http%3A%2F%2Fwww.w3.org%2F2000%2Fsvg%22%20width%3D%22640%22%20height%3D%22360%22%20viewBox%3D%220%200%20640%20360%22%3E%3C%2Fsvg%3E\"><\/span><span class=\"fg-image-overlay\"><\/span><\/a><figcaption class=\"fg-caption\"><div class=\"fg-caption-inner\"><\/div><\/figcaption><\/figure><div class=\"fg-loader\"><\/div><\/div>\t\t<\/div>\n\t\t<div class=\"fiv-ctrls\">\n\t\t\t<div class=\"fiv-prev\"><span>Geriy\u0259<\/span><\/div>\n\t\t\t<label class=\"fiv-count\"><span class=\"fiv-count-current\">1<\/span>of<span class=\"fiv-count-total\">3<\/span><\/label>\n\t\t\t<div class=\"fiv-next\"><span>\u0130r\u0259li<\/span><\/div>\n\t\t<\/div>\n\t<\/div>\n<\/div>\n<\/div>\n<\/div>\n","protected":false},"excerpt":{"rendered":"<p>T\u00fcrkiy\u0259 Prezidenti R\u0259c\u0259b Tayyib \u018frdo\u011fan\u0131n Az\u0259rbaycana s\u0259f\u0259ri ba\u015flay\u0131b. R.T.\u018frdo\u011fan\u0131n oldu\u011fu t\u0259yyar\u0259 Z\u0259ngilan Hava Liman\u0131na eni\u015f edib. Bununla da T\u00fcrkiy\u0259 prezidenti Z\u0259ngilan aeroportuna g\u0259l\u0259n ilk xarici d\u00f6vl\u0259t ba\u015f\u00e7\u0131s\u0131d\u0131r. Z\u0259ngilan Beyn\u0259lxalq Hava Liman\u0131nda R.T.\u018frdo\u011fan\u0131 Az\u0259rbaycan Prezidenti \u0130lham \u018fliyev qar\u015f\u0131lay\u0131b. R.T.\u018frdo\u011fan\u0131 T\u00fcrkiy\u0259 B\u00f6y\u00fck Mill\u0259t M\u0259clisinin s\u0259dr m\u00fcavini C\u0259lal Adan, xarici i\u015fl\u0259r naziri M\u00f6vlud \u00c7avu\u015fo\u011flu, milli m\u00fcdafi\u0259 naziri Hulusi Akar, k\u0259nd t\u0259s\u0259rr\u00fcfat\u0131 v\u0259 me\u015f\u0259\u00e7ilik naziri Vahit [&hellip;]<\/p>\n","protected":false},"author":2,"featured_media":1982,"comment_status":"closed","ping_status":"open","sticky":false,"template":"","format":"standard","meta":[],"categories":[2],"tags":[],"_links":{"self":[{"href":"https:\/\/narimanovbelediyyesi.az\/site3\/wp-json\/wp\/v2\/posts\/1983"}],"collection":[{"href":"https:\/\/narimanovbelediyyesi.az\/site3\/wp-json\/wp\/v2\/posts"}],"about":[{"href":"https:\/\/narimanovbelediyyesi.az\/site3\/wp-json\/wp\/v2\/types\/post"}],"author":[{"embeddable":true,"href":"https:\/\/narimanovbelediyyesi.az\/site3\/wp-json\/wp\/v2\/users\/2"}],"replies":[{"embeddable":true,"href":"https:\/\/narimanovbelediyyesi.az\/site3\/wp-json\/wp\/v2\/comments?post=1983"}],"version-history":[{"count":1,"href":"https:\/\/narimanovbelediyyesi.az\/site3\/wp-json\/wp\/v2\/posts\/1983\/revisions"}],"predecessor-version":[{"id":1984,"href":"https:\/\/narimanovbelediyyesi.az\/site3\/wp-json\/wp\/v2\/posts\/1983\/revisions\/1984"}],"wp:featuredmedia":[{"embeddable":true,"href":"https:\/\/narimanovbelediyyesi.az\/site3\/wp-json\/wp\/v2\/media\/1982"}],"wp:attachment":[{"href":"https:\/\/narimanovbelediyyesi.az\/site3\/wp-json\/wp\/v2\/media?parent=1983"}],"wp:term":[{"taxonomy":"category","embeddable":true,"href":"https:\/\/narimanovbelediyyesi.az\/site3\/wp-json\/wp\/v2\/categories?post=1983"},{"taxonomy":"post_tag","embeddable":true,"href":"https:\/\/narimanovbelediyyesi.az\/site3\/wp-json\/wp\/v2\/tags?post=1983"}],"curies":[{"name":"wp","href":"https:\/\/api.w.org\/{rel}","templated":true}]}}