{"id":1823,"date":"2022-07-29T10:07:36","date_gmt":"2022-07-29T07:07:36","guid":{"rendered":"https:\/\/narimanovbelediyyesi.az\/site3\/?p=1823"},"modified":"2022-10-03T13:02:53","modified_gmt":"2022-10-03T10:02:53","slug":"turk-dunyasi-b%c9%99l%c9%99diyy%c9%99l%c9%99r-birliyi-tdbb-idar%c9%99-hey%c9%99tinin-novb%c9%99ti-iclasi-kecirilib","status":"publish","type":"post","link":"https:\/\/narimanovbelediyyesi.az\/site3\/2022\/07\/29\/turk-dunyasi-b%c9%99l%c9%99diyy%c9%99l%c9%99r-birliyi-tdbb-idar%c9%99-hey%c9%99tinin-novb%c9%99ti-iclasi-kecirilib\/","title":{"rendered":"T\u00fcrk D\u00fcnyas\u0131 B\u0259l\u0259diyy\u0259l\u0259r Birliyi (TDBB) \u0130dar\u0259 hey\u0259tinin n\u00f6vb\u0259ti iclas\u0131 ke\u00e7irilib"},"content":{"rendered":"<p>&nbsp;<\/p>\n<p><strong>T\u00fcrk D\u00fcnyas\u0131 B\u0259l\u0259diyy\u0259l\u0259r Birliyi \u0130dar\u0259 hey\u0259tinin videoformat \u015f\u0259klind\u0259 n\u00f6vb\u0259ti iclas\u0131 ke\u00e7irilib. \u0130clasda Az\u0259rbaycan\u0131 \u0130dar\u0259 hey\u0259tinin \u00fczv\u00fc Az\u0259rbaycan \u015e\u0259h\u0259r B\u0259l\u0259diyy\u0259l\u0259rinin Milli Assosiasiyas\u0131n\u0131n v\u0259 N\u0259rimanov b\u0259l\u0259diyy\u0259sinin s\u0259dri T\u0259mraz Ta\u011f\u0131yev d\u0259 i\u015ftirak edib.<\/strong><\/p>\n<p><strong>TDBB Prezidenti U\u011fur \u0130brahim Altay\u0131n s\u0259drliyi il\u0259 ke\u00e7\u0259n iclasda 9 \u00f6lk\u0259d\u0259n (Albaniya, Az\u0259rbaycan, Kuzey K\u0131pr\u0131z T\u00fcrk Cumhuriyy\u0259ti, Q\u0131r\u011f\u0131z\u0131stan, \u015eimali Makedoniya, Livan, Monqolustan, \u00d6zb\u0259kistan v\u0259 T\u00fcrkiy\u0259) \u0130dar\u0259 Hey\u0259tinin \u00fczvl\u0259ri i\u015ftirak edib. \u0130clasda birliyin cari ilin mart ay\u0131ndan sonrak\u0131 d\u00f6vrd\u0259 f\u0259aliyy\u0259ti v\u0259 n\u00f6vb\u0259ti \u00fc\u00e7 ay \u0259rzind\u0259 g\u00f6r\u00fcl\u0259c\u0259k i\u015fl\u0259r, habel\u0259 idar\u0259 hey\u0259tinin sonuncu iclas\u0131nda i\u015ftirak ed\u0259n T\u00fcrkiy\u0259 Cumhuriyy\u0259tininn Prezidenti R\u0259c\u0259b T\u0259yyub \u018frdo\u011fan\u0131n ir\u0259li s\u00fcrd\u00fcy t\u0259klif v\u0259 t\u00f6vsiy\u0259l\u0259r m\u00fczakir\u0259 edilib.<\/strong><\/p>\n<p><strong>Yekunda h\u0259m\u00e7inin birliy\u0259 yeni \u00fczvl\u0259r q\u0259bul edilib.<\/strong><\/p>\n<p><strong>M\u00fczakir\u0259l\u0259rd\u0259 ilk olaraq \u00e7\u0131x\u0131\u015f ed\u0259n Az\u0259rbaycan \u015e\u0259h\u0259r B\u0259l\u0259diyy\u0259l\u0259rinin Milli Assosiasiyas\u0131n\u0131n v\u0259 N\u0259rimanov b\u0259l\u0259diyy\u0259sinin s\u0259dri T\u0259mraz Ta\u011f\u0131yev m\u00fczakir\u0259 edil\u0259n m\u00f6vzular \u0259traf\u0131nda \u00f6z fikir v\u0259 m\u00fclahiz\u0259l\u0259rini bildirib. M\u00fczakir\u0259 edil\u0259n t\u0259klifl\u0259r s\u0131ras\u0131nda idar\u0259 hey\u0259tinin n\u00f6vb\u0259ti g\u00f6r\u00fc\u015f\u00fcn\u00fcn Az\u0259rbaycan\u0131n m\u0259d\u0259niyy\u0259t paytaxt\u0131 elan edil\u0259n \u015eu\u015fada ke\u00e7irilm\u0259si t\u0259klifi d\u0259 yer al\u0131b.<\/strong><\/p>\n<p><strong>T\u0259mraz Ta\u011f\u0131yev T\u00fcrk D\u00fcnyas\u0131 B\u0259l\u0259diyy\u0259l\u0259r Birliyi \u0130dar\u0259 hey\u0259tinin bu t\u0259klifl\u0259 ba\u011fl\u0131 Q\u0259rar\u0131 oldu\u011fu t\u0259qdird\u0259 b\u00fct\u00fcn add\u0131mlara Az\u0259rbaycan \u015e\u0259h\u0259r B\u0259l\u0259diyy\u0259l\u0259rinin Milli Assosiasiyas\u0131 v\u0259 N\u0259rimanov b\u0259l\u0259diyy\u0259si t\u0259r\u0259find\u0259n d\u0259st\u0259k veril\u0259c\u0259yini bildirib.<\/strong><\/p>\n<style type=\"text\/css\">\n\t#foogallery-gallery-1821 .fg-image {\n        width: 640px;\n    }\n<\/style>\n\t\t\t\t<div class=\"foogallery foogallery-container foogallery-image-viewer foogallery-link-image foogallery-lightbox-foobox fg-center fg-image-viewer fg-light fg-border-thin fg-shadow-outline fg-loading-default fg-loaded-fade-in fg-caption-hover fg-hover-fade fg-hover-zoom fg-ready\" id=\"foogallery-gallery-1821\" data-foogallery=\"{&quot;item&quot;:{&quot;showCaptionTitle&quot;:true,&quot;showCaptionDescription&quot;:true},&quot;lazy&quot;:true,&quot;template&quot;:{&quot;loop&quot;:true}}\" >\n\t<div class=\"fiv-inner\">\n\t\t<div class=\"fiv-inner-container\">\n\t\t\t<div class=\"fg-item fg-type-image fg-idle\"><figure class=\"fg-item-inner\"><a href=\"https:\/\/cdn.shortpixel.ai\/client\/q_lossy,ret_wait\/https:\/\/narimanovbelediyyesi.az\/wp-content\/uploads\/2022\/07\/Screenshot_1.png\" data-attachment-id=\"1822\" data-spai-upd=\"1\" class=\"fg-thumb\"><span class=\"fg-image-wrap\"><img width=\"640\" height=\"360\" class=\"skip-lazy fg-image\" data-src-fg=\"https:\/\/cdn.shortpixel.ai\/client\/w_640,h_360,q_lossy,ret_wait\/https:\/\/narimanovbelediyyesi.az\/wp-content\/uploads\/2022\/07\/Screenshot_1.png\" src=\"data:image\/svg+xml,%3Csvg%20xmlns%3D%22http%3A%2F%2Fwww.w3.org%2F2000%2Fsvg%22%20width%3D%22640%22%20height%3D%22360%22%20viewBox%3D%220%200%20640%20360%22%3E%3C%2Fsvg%3E\"><\/span><span class=\"fg-image-overlay\"><\/span><\/a><figcaption class=\"fg-caption\"><div class=\"fg-caption-inner\"><\/div><\/figcaption><\/figure><div class=\"fg-loader\"><\/div><\/div>\t\t<\/div>\n\t\t<div class=\"fiv-ctrls\">\n\t\t\t<div class=\"fiv-prev\"><span>Geriy\u0259<\/span><\/div>\n\t\t\t<label class=\"fiv-count\"><span class=\"fiv-count-current\">1<\/span>of<span class=\"fiv-count-total\">1<\/span><\/label>\n\t\t\t<div class=\"fiv-next\"><span>\u0130r\u0259li<\/span><\/div>\n\t\t<\/div>\n\t<\/div>\n<\/div>\n","protected":false},"excerpt":{"rendered":"<p>&nbsp; T\u00fcrk D\u00fcnyas\u0131 B\u0259l\u0259diyy\u0259l\u0259r Birliyi \u0130dar\u0259 hey\u0259tinin videoformat \u015f\u0259klind\u0259 n\u00f6vb\u0259ti iclas\u0131 ke\u00e7irilib. \u0130clasda Az\u0259rbaycan\u0131 \u0130dar\u0259 hey\u0259tinin \u00fczv\u00fc Az\u0259rbaycan \u015e\u0259h\u0259r B\u0259l\u0259diyy\u0259l\u0259rinin Milli Assosiasiyas\u0131n\u0131n v\u0259 N\u0259rimanov b\u0259l\u0259diyy\u0259sinin s\u0259dri T\u0259mraz Ta\u011f\u0131yev d\u0259 i\u015ftirak edib. TDBB Prezidenti U\u011fur \u0130brahim Altay\u0131n s\u0259drliyi il\u0259 ke\u00e7\u0259n iclasda 9 \u00f6lk\u0259d\u0259n (Albaniya, Az\u0259rbaycan, Kuzey K\u0131pr\u0131z T\u00fcrk Cumhuriyy\u0259ti, Q\u0131r\u011f\u0131z\u0131stan, \u015eimali Makedoniya, Livan, Monqolustan, \u00d6zb\u0259kistan v\u0259 T\u00fcrkiy\u0259) \u0130dar\u0259 Hey\u0259tinin \u00fczvl\u0259ri i\u015ftirak edib. \u0130clasda [&hellip;]<\/p>\n","protected":false},"author":2,"featured_media":1822,"comment_status":"closed","ping_status":"open","sticky":false,"template":"","format":"standard","meta":[],"categories":[2],"tags":[],"_links":{"self":[{"href":"https:\/\/narimanovbelediyyesi.az\/site3\/wp-json\/wp\/v2\/posts\/1823"}],"collection":[{"href":"https:\/\/narimanovbelediyyesi.az\/site3\/wp-json\/wp\/v2\/posts"}],"about":[{"href":"https:\/\/narimanovbelediyyesi.az\/site3\/wp-json\/wp\/v2\/types\/post"}],"author":[{"embeddable":true,"href":"https:\/\/narimanovbelediyyesi.az\/site3\/wp-json\/wp\/v2\/users\/2"}],"replies":[{"embeddable":true,"href":"https:\/\/narimanovbelediyyesi.az\/site3\/wp-json\/wp\/v2\/comments?post=1823"}],"version-history":[{"count":1,"href":"https:\/\/narimanovbelediyyesi.az\/site3\/wp-json\/wp\/v2\/posts\/1823\/revisions"}],"predecessor-version":[{"id":1824,"href":"https:\/\/narimanovbelediyyesi.az\/site3\/wp-json\/wp\/v2\/posts\/1823\/revisions\/1824"}],"wp:featuredmedia":[{"embeddable":true,"href":"https:\/\/narimanovbelediyyesi.az\/site3\/wp-json\/wp\/v2\/media\/1822"}],"wp:attachment":[{"href":"https:\/\/narimanovbelediyyesi.az\/site3\/wp-json\/wp\/v2\/media?parent=1823"}],"wp:term":[{"taxonomy":"category","embeddable":true,"href":"https:\/\/narimanovbelediyyesi.az\/site3\/wp-json\/wp\/v2\/categories?post=1823"},{"taxonomy":"post_tag","embeddable":true,"href":"https:\/\/narimanovbelediyyesi.az\/site3\/wp-json\/wp\/v2\/tags?post=1823"}],"curies":[{"name":"wp","href":"https:\/\/api.w.org\/{rel}","templated":true}]}}