{"id":1805,"date":"2022-07-04T10:05:23","date_gmt":"2022-07-04T07:05:23","guid":{"rendered":"https:\/\/narimanovbelediyyesi.az\/site3\/?p=1805"},"modified":"2022-10-03T13:03:05","modified_gmt":"2022-10-03T10:03:05","slug":"az%c9%99rbaycan-istanbulda-keciril%c9%99n-avropa-surasi-konqresinin-monitorinq-komit%c9%99sinin-iclasinda-t%c9%99msil-olunub-30-06-2022","status":"publish","type":"post","link":"https:\/\/narimanovbelediyyesi.az\/site3\/2022\/07\/04\/az%c9%99rbaycan-istanbulda-keciril%c9%99n-avropa-surasi-konqresinin-monitorinq-komit%c9%99sinin-iclasinda-t%c9%99msil-olunub-30-06-2022\/","title":{"rendered":"Az\u0259rbaycan \u0130stanbulda ke\u00e7iril\u0259n Avropa \u015euras\u0131 Konqresinin Monitorinq Komit\u0259sinin iclas\u0131nda t\u0259msil olunub 30.06.2022"},"content":{"rendered":"<style type=\"text\/css\">\n\t#foogallery-gallery-1796 .fg-image {\n        width: 640px;\n    }\n<\/style>\n\t\t\t\t<div class=\"foogallery foogallery-container foogallery-image-viewer foogallery-link-image foogallery-lightbox-foobox fg-center fg-image-viewer fg-light fg-border-thin fg-shadow-outline fg-loading-default fg-loaded-fade-in fg-caption-hover fg-hover-fade fg-hover-zoom fg-ready\" id=\"foogallery-gallery-1796\" data-foogallery=\"{&quot;item&quot;:{&quot;showCaptionTitle&quot;:true,&quot;showCaptionDescription&quot;:true},&quot;lazy&quot;:true,&quot;template&quot;:{&quot;loop&quot;:true}}\" >\n\t<div class=\"fiv-inner\">\n\t\t<div class=\"fiv-inner-container\">\n\t\t\t<div class=\"fg-item fg-type-image fg-idle\"><figure class=\"fg-item-inner\"><a href=\"https:\/\/cdn.shortpixel.ai\/client\/q_lossy,ret_wait\/https:\/\/narimanovbelediyyesi.az\/wp-content\/uploads\/2022\/07\/16566090622453959339_1000x669.jpg\" data-attachment-id=\"1804\" data-spai-upd=\"1\" class=\"fg-thumb\"><span class=\"fg-image-wrap\"><img width=\"640\" height=\"360\" class=\"skip-lazy fg-image\" data-src-fg=\"https:\/\/cdn.shortpixel.ai\/client\/w_640,h_360,q_lossy,ret_wait\/https:\/\/narimanovbelediyyesi.az\/wp-content\/uploads\/2022\/07\/16566090622453959339_1000x669.jpg\" src=\"data:image\/svg+xml,%3Csvg%20xmlns%3D%22http%3A%2F%2Fwww.w3.org%2F2000%2Fsvg%22%20width%3D%22640%22%20height%3D%22360%22%20viewBox%3D%220%200%20640%20360%22%3E%3C%2Fsvg%3E\"><\/span><span class=\"fg-image-overlay\"><\/span><\/a><figcaption class=\"fg-caption\"><div class=\"fg-caption-inner\"><\/div><\/figcaption><\/figure><div class=\"fg-loader\"><\/div><\/div>\t\t<\/div>\n\t\t<div class=\"fiv-ctrls\">\n\t\t\t<div class=\"fiv-prev\"><span>Geriy\u0259<\/span><\/div>\n\t\t\t<label class=\"fiv-count\"><span class=\"fiv-count-current\">1<\/span>of<span class=\"fiv-count-total\">1<\/span><\/label>\n\t\t\t<div class=\"fiv-next\"><span>\u0130r\u0259li<\/span><\/div>\n\t\t<\/div>\n\t<\/div>\n<\/div>\n<p>\u0130yunun 30-da \u0130stanbulda Avropa \u015euras\u0131n\u0131n Yerli v\u0259 Regional Hakimiyy\u0259tl\u0259r Konqresinin Monitorinq komit\u0259sinin iclas\u0131 ke\u00e7irilib.<\/p>\n<p>\u0130clasda \u00f6lk\u0259mizi Konqresd\u0259 Az\u0259rbaycan n\u00fcmay\u0259nd\u0259 hey\u0259tinin r\u0259hb\u0259ri, Nax\u00e7\u0131van Muxtar Respublikas\u0131n\u0131n Ali M\u0259clisinin deputat\u0131 Anar \u0130brahimov v\u0259 Az\u0259rbaycan \u015e\u0259h\u0259r B\u0259l\u0259diyy\u0259l\u0259ri Milli Assosiasiyas\u0131n\u0131n s\u0259dri, N\u0259rimanov B\u0259l\u0259diyy\u0259sinin s\u0259dri T\u0259mraz Ta\u011f\u0131yev t\u0259msil edibl\u0259r.<\/p>\n<p>T\u00fcrkiy\u0259 t\u0259r\u0259finin d\u0259v\u0259ti il\u0259 \u0130stanbulda ke\u00e7iril\u0259r Avropa \u015euras\u0131 Konqresinin Monitorinq Komit\u0259sinin iclas\u0131n\u0131n a\u00e7\u0131l\u0131\u015f\u0131nda \u0130stanbul B\u00f6y\u00fck\u015f\u0259h\u0259r B\u0259l\u0259diyy\u0259sinin s\u0259dri \u018fkr\u0259m \u0130mamo\u011flu v\u0259 Konqresin Ba\u015f katibi Andreas Kiferin \u00e7\u0131x\u0131\u015flar\u0131 olub.<\/p>\n<p>Sonra komit\u0259nin iclas\u0131nda \u00c7ex Respublikas\u0131, Bel\u00e7ika, Moldova, Danimarka v\u0259 \u0130sve\u00e7d\u0259 Avropa \u015euras\u0131 Konqresinin yerli v\u0259 regional demokratiyan\u0131n v\u0259ziyy\u0259tin\u0259 dair monitorinqin n\u0259tic\u0259l\u0259ri m\u00fczakir\u0259 edil\u0259r\u0259k, haz\u0131rlanm\u0131\u015f hesabatlar, t\u00f6vsiy\u0259 v\u0259 q\u0259tnam\u0259 layih\u0259l\u0259ri Avro \u015euras\u0131 Konqresinin n\u00f6vb\u0259ti sessiyas\u0131n\u0131n g\u00fcnd\u0259liyin\u0259 sal\u0131nmas\u0131na dair m\u00fcvafiq q\u0259rarlar q\u0259bul edilib.<\/p>\n<p>\u0130clasda, h\u0259m\u00e7inin Albaniya, Niderland v\u0259 Serbiyada ke\u00e7irilmi\u015f yerli v\u0259 regional s\u0259viyy\u0259d\u0259ki se\u00e7kil\u0259rd\u0259ki m\u00fc\u015fahid\u0259 missiyalar\u0131n\u0131n haz\u0131rlad\u0131qlar\u0131 hesabatlar m\u00fczakir\u0259 edilib, el\u0259c\u0259d\u0259 qar\u015f\u0131dak\u0131 se\u00e7ki m\u00fc\u015fahid\u0259 missiyalar\u0131n\u0131n t\u0259qvimi t\u0259sdiq olunub. Komit\u0259nin iclas\u0131nda \u201cYerli v\u0259 regional hakimiyy\u0259t orqanlar\u0131 \u00fc\u00e7\u00fcn \u0130nsan H\u00fcquqlar\u0131 T\u0259limat\u0131 III cild: \u0259traf m\u00fchit v\u0259 dayan\u0131ql\u0131 inki\u015faf\u201d, el\u0259c\u0259 d\u0259 \u201c\u018ftraf m\u00fchit\u0259 dair fundamental h\u00fcquqlar: yerli v\u0259 regional hakimiyy\u0259t orqanlar\u0131n\u0131n rolu\u201d adl\u0131 s\u0259n\u0259dl\u0259r m\u00fczakir\u0259 edilib.<\/p>\n<p>\u0130clasda m\u0259sl\u0259h\u0259tl\u0259\u015fm\u0259 v\u0259 m\u0259lumatland\u0131rma il\u0259 ba\u011fl\u0131 siyasi m\u00fczakir\u0259l\u0259rd\u0259 Az\u0259rbaycan n\u00fcmay\u0259nd\u0259 hey\u0259tinin r\u0259hb\u0259ri Anar \u0130brahimov \u00e7\u0131x\u0131\u015f edib, \u00f6lk\u0259mizd\u0259 m\u0259sl\u0259h\u0259tl\u0259\u015fm\u0259 praktikas\u0131n\u0131n ayr\u0131-ayr\u0131 aspektl\u0259ri bar\u0259d\u0259 dan\u0131\u015f\u0131b. \u0130clasda, h\u0259m\u00e7inin Ukraynadak\u0131 cari v\u0259ziyy\u0259tin oradak\u0131 yerli v\u0259 regional orqanlara t\u0259siri m\u00fczakir\u0259 edilib v\u0259 komit\u0259nin 2022-2023-c\u00fc ill\u0259r\u0259 dair i\u015f plan\u0131 t\u0259sdiq olunub.<\/p>\n","protected":false},"excerpt":{"rendered":"<p>\u0130yunun 30-da \u0130stanbulda Avropa \u015euras\u0131n\u0131n Yerli v\u0259 Regional Hakimiyy\u0259tl\u0259r Konqresinin Monitorinq komit\u0259sinin iclas\u0131 ke\u00e7irilib. \u0130clasda \u00f6lk\u0259mizi Konqresd\u0259 Az\u0259rbaycan n\u00fcmay\u0259nd\u0259 hey\u0259tinin r\u0259hb\u0259ri, Nax\u00e7\u0131van Muxtar Respublikas\u0131n\u0131n Ali M\u0259clisinin deputat\u0131 Anar \u0130brahimov v\u0259 Az\u0259rbaycan \u015e\u0259h\u0259r B\u0259l\u0259diyy\u0259l\u0259ri Milli Assosiasiyas\u0131n\u0131n s\u0259dri, N\u0259rimanov B\u0259l\u0259diyy\u0259sinin s\u0259dri T\u0259mraz Ta\u011f\u0131yev t\u0259msil edibl\u0259r. T\u00fcrkiy\u0259 t\u0259r\u0259finin d\u0259v\u0259ti il\u0259 \u0130stanbulda ke\u00e7iril\u0259r Avropa \u015euras\u0131 Konqresinin Monitorinq Komit\u0259sinin iclas\u0131n\u0131n a\u00e7\u0131l\u0131\u015f\u0131nda \u0130stanbul B\u00f6y\u00fck\u015f\u0259h\u0259r B\u0259l\u0259diyy\u0259sinin s\u0259dri \u018fkr\u0259m \u0130mamo\u011flu [&hellip;]<\/p>\n","protected":false},"author":2,"featured_media":1804,"comment_status":"closed","ping_status":"open","sticky":false,"template":"","format":"standard","meta":[],"categories":[2],"tags":[],"_links":{"self":[{"href":"https:\/\/narimanovbelediyyesi.az\/site3\/wp-json\/wp\/v2\/posts\/1805"}],"collection":[{"href":"https:\/\/narimanovbelediyyesi.az\/site3\/wp-json\/wp\/v2\/posts"}],"about":[{"href":"https:\/\/narimanovbelediyyesi.az\/site3\/wp-json\/wp\/v2\/types\/post"}],"author":[{"embeddable":true,"href":"https:\/\/narimanovbelediyyesi.az\/site3\/wp-json\/wp\/v2\/users\/2"}],"replies":[{"embeddable":true,"href":"https:\/\/narimanovbelediyyesi.az\/site3\/wp-json\/wp\/v2\/comments?post=1805"}],"version-history":[{"count":3,"href":"https:\/\/narimanovbelediyyesi.az\/site3\/wp-json\/wp\/v2\/posts\/1805\/revisions"}],"predecessor-version":[{"id":1808,"href":"https:\/\/narimanovbelediyyesi.az\/site3\/wp-json\/wp\/v2\/posts\/1805\/revisions\/1808"}],"wp:featuredmedia":[{"embeddable":true,"href":"https:\/\/narimanovbelediyyesi.az\/site3\/wp-json\/wp\/v2\/media\/1804"}],"wp:attachment":[{"href":"https:\/\/narimanovbelediyyesi.az\/site3\/wp-json\/wp\/v2\/media?parent=1805"}],"wp:term":[{"taxonomy":"category","embeddable":true,"href":"https:\/\/narimanovbelediyyesi.az\/site3\/wp-json\/wp\/v2\/categories?post=1805"},{"taxonomy":"post_tag","embeddable":true,"href":"https:\/\/narimanovbelediyyesi.az\/site3\/wp-json\/wp\/v2\/tags?post=1805"}],"curies":[{"name":"wp","href":"https:\/\/api.w.org\/{rel}","templated":true}]}}